{"id":112071,"date":"2023-04-11T17:26:01","date_gmt":"2023-04-11T20:26:01","guid":{"rendered":"https:\/\/www.locoxelrojo.com\/independiente\/?p=112071"},"modified":"2023-04-12T02:51:32","modified_gmt":"2023-04-12T05:51:32","slug":"concentrados-vs-rosario-central-con-cuero-cazares-y-costa","status":"publish","type":"post","link":"https:\/\/www.locoxelrojo.com\/independiente\/2023\/04\/11\/concentrados-vs-rosario-central-con-cuero-cazares-y-costa\/","title":{"rendered":"Concentrados vs. Rosario Central: con Cuero, Cazares y Costa"},"content":{"rendered":"<p><strong>Pedro Monz\u00f3n entreg\u00f3 la lista de concentrados para visitar a Rosario Central este mi\u00e9rcoles a partir de las 21:30, por la fecha 11 de la Liga Profesional.<\/strong><\/p>\n<p>La n\u00f3mina tuvo varios cambios respecto de la anterior. La gran novedad es<strong> la vuelta de Mauricio Cuero<\/strong>, quien se perdi\u00f3 la mayor\u00eda de los partidos por no haber estado bien f\u00edsicamente. Tambi\u00e9n <strong>fue incluido Juan Cazares<\/strong>, marginado tras haber faltado sin aviso a un entrenamiento.<\/p>\n<p>Por su parte, <strong>Ayrton Costa se recuper\u00f3 de su desgarro<\/strong> y pudo regresar a la lista de concentrados, mientras que <strong>Nicol\u00e1s Vallejo se reincorpor\u00f3<\/strong>\u00a0luego de cumplir una fecha de suspensi\u00f3n.<\/p>\n<p>En cuanto a las bajas, Monz\u00f3n decidi\u00f3 <strong>no convocar a Manuel Tasso, Patricio Ostachuk, Agust\u00edn Quiroga y Rodrigo Atencio<\/strong>. \u00bfY Agust\u00edn Mulet? Nuevamente lo ver\u00e1 desde afuera.<\/p>\n<h3>Los convocados<\/h3>\n<p><strong>Arqueros:<\/strong> Diego Segovia y Rodrigo Rey.<\/p>\n<p><strong>Defensores:<\/strong> Joaqu\u00edn Laso, Edgar Elizalde, Javier B\u00e1ez, Dami\u00e1n P\u00e9rez, Luciano G\u00f3mez, Sergio Barreto, Fernando Da Rosa y Ayrton Costa.<\/p>\n<p><strong>Mediocampistas:<\/strong> Mauricio Cuero, Kevin L\u00f3pez, Juan Cazares, Mart\u00edn Sarrafiore, Iv\u00e1n Marcone, Sergio Ort\u00edz, Baltasar Barcia, Santiago Salle y David Mart\u00ednez.<\/p>\n<p><strong>Delanteros:<\/strong> Mart\u00edn Cauteruccio, Santiago Hidalgo, Tom\u00e1s Rambert, Nicol\u00e1s Vallejo, Braian Mart\u00ednez y Mat\u00edas Gim\u00e9nez.<\/p>\n<blockquote class=\"twitter-tweet\" data-width=\"550\" data-dnt=\"true\">\n<p lang=\"es\" dir=\"ltr\">\ud83d\udccb Estos son los convocados que viajan a Santa Fe para medirse ante Rosario Central.<a href=\"https:\/\/twitter.com\/hashtag\/TodoRojo?src=hash&amp;ref_src=twsrc%5Etfw\">#TodoRojo<\/a> \ud83d\udd34 <a href=\"https:\/\/t.co\/n0fL2hSeg4\">pic.twitter.com\/n0fL2hSeg4<\/a><\/p>\n<p>&mdash; C. A. Independiente (@Independiente) <a href=\"https:\/\/twitter.com\/Independiente\/status\/1645827065180979208?ref_src=twsrc%5Etfw\">April 11, 2023<\/a><\/p><\/blockquote>\n<p><script async src=\"https:\/\/platform.twitter.com\/widgets.js\" charset=\"utf-8\"><\/script><\/p>\n","protected":false},"excerpt":{"rendered":"<p>Pedro Monz\u00f3n entreg\u00f3 la lista de concentrados para visitar a Rosario Central este mi\u00e9rcoles a partir de las 21:30, por la fecha 11 de la Liga Profesional. La n\u00f3mina tuvo varios cambios respecto de la anterior. La gran novedad es la vuelta de Mauricio Cuero, quien se perdi\u00f3 la mayor\u00eda de los partidos por no [&hellip;]<\/p>\n","protected":false},"author":8,"featured_media":111108,"comment_status":"open","ping_status":"closed","sticky":false,"template":"","format":"standard","meta":{"_links_to":"","_links_to_target":""},"categories":[3247,3],"tags":[4805,4687,5141,4158,5320,5186,4739,5132],"_links":{"self":[{"href":"https:\/\/www.locoxelrojo.com\/independiente\/wp-json\/wp\/v2\/posts\/112071"}],"collection":[{"href":"https:\/\/www.locoxelrojo.com\/independiente\/wp-json\/wp\/v2\/posts"}],"about":[{"href":"https:\/\/www.locoxelrojo.com\/independiente\/wp-json\/wp\/v2\/types\/post"}],"author":[{"embeddable":true,"href":"https:\/\/www.locoxelrojo.com\/independiente\/wp-json\/wp\/v2\/users\/8"}],"replies":[{"embeddable":true,"href":"https:\/\/www.locoxelrojo.com\/independiente\/wp-json\/wp\/v2\/comments?post=112071"}],"version-history":[{"count":1,"href":"https:\/\/www.locoxelrojo.com\/independiente\/wp-json\/wp\/v2\/posts\/112071\/revisions"}],"predecessor-version":[{"id":112072,"href":"https:\/\/www.locoxelrojo.com\/independiente\/wp-json\/wp\/v2\/posts\/112071\/revisions\/112072"}],"wp:featuredmedia":[{"embeddable":true,"href":"https:\/\/www.locoxelrojo.com\/independiente\/wp-json\/wp\/v2\/media\/111108"}],"wp:attachment":[{"href":"https:\/\/www.locoxelrojo.com\/independiente\/wp-json\/wp\/v2\/media?parent=112071"}],"wp:term":[{"taxonomy":"category","embeddable":true,"href":"https:\/\/www.locoxelrojo.com\/independiente\/wp-json\/wp\/v2\/categories?post=112071"},{"taxonomy":"post_tag","embeddable":true,"href":"https:\/\/www.locoxelrojo.com\/independiente\/wp-json\/wp\/v2\/tags?post=112071"}],"curies":[{"name":"wp","href":"https:\/\/api.w.org\/{rel}","templated":true}]}}