{"id":112124,"date":"2023-04-14T17:49:29","date_gmt":"2023-04-14T20:49:29","guid":{"rendered":"https:\/\/www.locoxelrojo.com\/independiente\/?p=112124"},"modified":"2023-04-14T17:49:29","modified_gmt":"2023-04-14T20:49:29","slug":"ricardo-zielinski-firmo-como-dt-de-independiente","status":"publish","type":"post","link":"https:\/\/www.locoxelrojo.com\/independiente\/2023\/04\/14\/ricardo-zielinski-firmo-como-dt-de-independiente\/","title":{"rendered":"Ricardo Zielinski firm\u00f3 como DT de Independiente"},"content":{"rendered":"<p><strong>Ricardo Zielinski se convirti\u00f3 oficialmente en el nuevo entrenador de Independiente.<\/strong><\/p>\n<p>Este viernes al mediod\u00eda <strong>pas\u00f3 por el Libertadores de Am\u00e9rica &#8211; Ricardo Enrique Bochini<\/strong>, donde fue presentado en las distintas plataformas del club.<\/p>\n<blockquote class=\"twitter-tweet\">\n<p dir=\"ltr\" lang=\"es\">Ricardo Zielinski es el nuevo Director T\u00e9cnico de <a href=\"https:\/\/twitter.com\/hashtag\/Independiente?src=hash&amp;ref_src=twsrc%5Etfw\">#Independiente<\/a>.<\/p>\n<p>\u00a1Bienvenido, Ruso! El Rey de Copas te saluda &#x1fae1;<a href=\"https:\/\/twitter.com\/hashtag\/TodoRojo?src=hash&amp;ref_src=twsrc%5Etfw\">#TodoRojo<\/a> &#x1f534; <a href=\"https:\/\/t.co\/FLNC3Jau9Y\">pic.twitter.com\/FLNC3Jau9Y<\/a><\/p>\n<p>\u2014 C. A. Independiente (@Independiente) <a href=\"https:\/\/twitter.com\/Independiente\/status\/1646952457044467714?ref_src=twsrc%5Etfw\">April 14, 2023<\/a><\/p><\/blockquote>\n<p><script async src=\"https:\/\/platform.twitter.com\/widgets.js\" charset=\"utf-8\"><\/script><\/p>\n<p>Luego, con la presencia del presidente interino N\u00e9stor Grindetti, Pablo Cavallero y otros miembros de Comisi\u00f3n Directiva <strong>firm\u00f3 de su contrato que lo unir\u00e1 al Rey de Copas hasta junio 2024<\/strong>.<\/p>\n<blockquote class=\"twitter-tweet\">\n<p dir=\"ltr\" lang=\"es\">&#x270d;&#xfe0f; Firma en el Estadio y directo a entrenar<\/p>\n<p>El flamante DT sell\u00f3 su contrato hasta junio de 2024 y ya se encuentra dirigiendo su primera pr\u00e1ctica en <a href=\"https:\/\/twitter.com\/hashtag\/Independiente?src=hash&amp;ref_src=twsrc%5Etfw\">#Independiente<\/a>.<a href=\"https:\/\/twitter.com\/hashtag\/TodoRojo?src=hash&amp;ref_src=twsrc%5Etfw\">#TodoRojo<\/a> &#x1f534; <a href=\"https:\/\/t.co\/A1i6Gpr6tS\">pic.twitter.com\/A1i6Gpr6tS<\/a><\/p>\n<p>\u2014 C. A. Independiente (@Independiente) <a href=\"https:\/\/twitter.com\/Independiente\/status\/1646954975426236419?ref_src=twsrc%5Etfw\">April 14, 2023<\/a><\/p><\/blockquote>\n<p><script async src=\"https:\/\/platform.twitter.com\/widgets.js\" charset=\"utf-8\"><\/script><\/p>\n<p><strong>Zielinski se puso a trabajar r\u00e1pidamente junto al plantel<\/strong> y tendr\u00e1 su estreno este domingo en en cl\u00e1sico con Racing.<\/p>\n<blockquote class=\"twitter-tweet\">\n<p dir=\"ltr\" lang=\"es\">Preparando el cl\u00e1sico &#x1f51c;<\/p>\n<p>\u00a1DALE ROJO DALE!<a href=\"https:\/\/twitter.com\/hashtag\/TodoRojo?src=hash&amp;ref_src=twsrc%5Etfw\">#TodoRojo<\/a> &#x1f534; <a href=\"https:\/\/t.co\/GoqCRFUmnP\">pic.twitter.com\/GoqCRFUmnP<\/a><\/p>\n<p>\u2014 C. A. Independiente (@Independiente) <a href=\"https:\/\/twitter.com\/Independiente\/status\/1646967110143299606?ref_src=twsrc%5Etfw\">April 14, 2023<\/a><\/p><\/blockquote>\n<p><script async src=\"https:\/\/platform.twitter.com\/widgets.js\" charset=\"utf-8\"><\/script><\/p>\n","protected":false},"excerpt":{"rendered":"<p>Ricardo Zielinski se convirti\u00f3 oficialmente en el nuevo entrenador de Independiente. Este viernes al mediod\u00eda pas\u00f3 por el Libertadores de Am\u00e9rica &#8211; Ricardo Enrique Bochini, donde fue presentado en las distintas plataformas del club. Ricardo Zielinski es el nuevo Director T\u00e9cnico de #Independiente. \u00a1Bienvenido, Ruso! El Rey de Copas te saluda &#x1fae1;#TodoRojo &#x1f534; pic.twitter.com\/FLNC3Jau9Y \u2014 [&hellip;]<\/p>\n","protected":false},"author":1,"featured_media":112125,"comment_status":"open","ping_status":"closed","sticky":false,"template":"","format":"standard","meta":{"_links_to":"","_links_to_target":""},"categories":[3247,3],"tags":[153,1455,3066,2084],"_links":{"self":[{"href":"https:\/\/www.locoxelrojo.com\/independiente\/wp-json\/wp\/v2\/posts\/112124"}],"collection":[{"href":"https:\/\/www.locoxelrojo.com\/independiente\/wp-json\/wp\/v2\/posts"}],"about":[{"href":"https:\/\/www.locoxelrojo.com\/independiente\/wp-json\/wp\/v2\/types\/post"}],"author":[{"embeddable":true,"href":"https:\/\/www.locoxelrojo.com\/independiente\/wp-json\/wp\/v2\/users\/1"}],"replies":[{"embeddable":true,"href":"https:\/\/www.locoxelrojo.com\/independiente\/wp-json\/wp\/v2\/comments?post=112124"}],"version-history":[{"count":1,"href":"https:\/\/www.locoxelrojo.com\/independiente\/wp-json\/wp\/v2\/posts\/112124\/revisions"}],"predecessor-version":[{"id":112126,"href":"https:\/\/www.locoxelrojo.com\/independiente\/wp-json\/wp\/v2\/posts\/112124\/revisions\/112126"}],"wp:featuredmedia":[{"embeddable":true,"href":"https:\/\/www.locoxelrojo.com\/independiente\/wp-json\/wp\/v2\/media\/112125"}],"wp:attachment":[{"href":"https:\/\/www.locoxelrojo.com\/independiente\/wp-json\/wp\/v2\/media?parent=112124"}],"wp:term":[{"taxonomy":"category","embeddable":true,"href":"https:\/\/www.locoxelrojo.com\/independiente\/wp-json\/wp\/v2\/categories?post=112124"},{"taxonomy":"post_tag","embeddable":true,"href":"https:\/\/www.locoxelrojo.com\/independiente\/wp-json\/wp\/v2\/tags?post=112124"}],"curies":[{"name":"wp","href":"https:\/\/api.w.org\/{rel}","templated":true}]}}