{"id":112133,"date":"2023-04-14T18:42:53","date_gmt":"2023-04-14T21:42:53","guid":{"rendered":"https:\/\/www.locoxelrojo.com\/independiente\/?p=112133"},"modified":"2023-04-14T18:43:25","modified_gmt":"2023-04-14T21:43:25","slug":"zielinski-hay-que-ponerse-la-situacion-al-hombro","status":"publish","type":"post","link":"https:\/\/www.locoxelrojo.com\/independiente\/2023\/04\/14\/zielinski-hay-que-ponerse-la-situacion-al-hombro\/","title":{"rendered":"Zielinski: \u201cHay que ponerse la situaci\u00f3n al hombro\u201d"},"content":{"rendered":"<p><a href=\"https:\/\/www.locoxelrojo.com\/independiente\/2023\/04\/14\/ricardo-zielinski-firmo-como-dt-de-independiente\/\">En la previa de su firma en el Estadio<\/a>, <b>Ricardo Zielinski<\/b> dialog\u00f3 con Radio La Red y dio sus expectativas sobre su llegada a <b>Independiente<\/b>, donde reconoci\u00f3 que deb\u00eda agarrar el mando ahora y no dejar pasar el Cl\u00e1sico con Racing.<\/p>\n<p><a href=\"https:\/\/www.instagram.com\/p\/CrBg-DgLAta\/?igshid=MTIyMzRjYmRlZg==\">El flamante entrenador del Rojo<\/a> se expres\u00f3 sobre el momento delicado que atraviesa el club y porqu\u00e9 decidi\u00f3 hacerse cargo ahora:\u00a0<b>\u201cUno no elige cu\u00e1ndo asumir. Hay que ponerse la situaci\u00f3n al hombro. Si dejo pasar el partido de Racing no estar\u00eda entendiendo el momento\u201d<\/b>.<\/p>\n<p>Adem\u00e1s explic\u00f3 que sus equipos <b>\u201cen general son protagonistas\u201d<\/b> y agreg\u00f3: <b>\u201cSi los jugadores se sienten c\u00f3modos presionaremos arriba, sino unos metros m\u00e1s atr\u00e1s\u201d<\/b>.<\/p>\n<p>Sobre los futbolistas, el Ruso dijo: <b>\u201cHay un buen plantel. Podemos meternos en una Copa.\u00a0<\/b><b>El plantel va a expresar dentro del campo de juego y ser\u00e1n ellos lo que le transmitan a la gente\u201d<\/b>. Sin embargo fue realista y expres\u00f3: <b>\u201cMe gustar\u00eda jugar como el City, pero hay que adaptarnos a lo que tenemos\u201d<\/b>.<\/p>\n<p>Para finalizar, <b>Zielinski<\/b> dio a conocer algunos nombres de su cuerpo t\u00e9cnico, el cual va a estar conformado por Adri\u00e1n Czornomaz, Alfredo Meoni, Fernando Risso y Emmanuel Depaoli.<\/p>\n","protected":false},"excerpt":{"rendered":"<p>En la previa de su firma en el Estadio, Ricardo Zielinski dialog\u00f3 con Radio La Red y dio sus expectativas sobre su llegada a Independiente, donde reconoci\u00f3 que deb\u00eda agarrar el mando ahora y no dejar pasar el Cl\u00e1sico con Racing. El flamante entrenador del Rojo se expres\u00f3 sobre el momento delicado que atraviesa el [&hellip;]<\/p>\n","protected":false},"author":101034,"featured_media":112128,"comment_status":"open","ping_status":"closed","sticky":false,"template":"","format":"standard","meta":{"_links_to":"","_links_to_target":""},"categories":[3247,3],"tags":[1258,5400,153,5402,5401,2084],"_links":{"self":[{"href":"https:\/\/www.locoxelrojo.com\/independiente\/wp-json\/wp\/v2\/posts\/112133"}],"collection":[{"href":"https:\/\/www.locoxelrojo.com\/independiente\/wp-json\/wp\/v2\/posts"}],"about":[{"href":"https:\/\/www.locoxelrojo.com\/independiente\/wp-json\/wp\/v2\/types\/post"}],"author":[{"embeddable":true,"href":"https:\/\/www.locoxelrojo.com\/independiente\/wp-json\/wp\/v2\/users\/101034"}],"replies":[{"embeddable":true,"href":"https:\/\/www.locoxelrojo.com\/independiente\/wp-json\/wp\/v2\/comments?post=112133"}],"version-history":[{"count":1,"href":"https:\/\/www.locoxelrojo.com\/independiente\/wp-json\/wp\/v2\/posts\/112133\/revisions"}],"predecessor-version":[{"id":112135,"href":"https:\/\/www.locoxelrojo.com\/independiente\/wp-json\/wp\/v2\/posts\/112133\/revisions\/112135"}],"wp:featuredmedia":[{"embeddable":true,"href":"https:\/\/www.locoxelrojo.com\/independiente\/wp-json\/wp\/v2\/media\/112128"}],"wp:attachment":[{"href":"https:\/\/www.locoxelrojo.com\/independiente\/wp-json\/wp\/v2\/media?parent=112133"}],"wp:term":[{"taxonomy":"category","embeddable":true,"href":"https:\/\/www.locoxelrojo.com\/independiente\/wp-json\/wp\/v2\/categories?post=112133"},{"taxonomy":"post_tag","embeddable":true,"href":"https:\/\/www.locoxelrojo.com\/independiente\/wp-json\/wp\/v2\/tags?post=112133"}],"curies":[{"name":"wp","href":"https:\/\/api.w.org\/{rel}","templated":true}]}}