{"id":112375,"date":"2023-04-25T21:44:12","date_gmt":"2023-04-26T00:44:12","guid":{"rendered":"https:\/\/www.locoxelrojo.com\/independiente\/?p=112375"},"modified":"2023-04-25T23:54:30","modified_gmt":"2023-04-26T02:54:30","slug":"herrera-el-arbitro-para-recibir-a-belgrano","status":"publish","type":"post","link":"https:\/\/www.locoxelrojo.com\/independiente\/2023\/04\/25\/herrera-el-arbitro-para-recibir-a-belgrano\/","title":{"rendered":"Herrera, el \u00e1rbitro para recibir a Belgrano"},"content":{"rendered":"<p><strong>La AFA design\u00f3 a Dar\u00edo Herrera como el juez del encuentro entre Independiente y Belgrano por la fecha 14 de la Liga Profesional de F\u00fatbol.<\/strong><\/p>\n<p>Herrera estuvo a cargo del VAR en el \u00faltimo Cl\u00e1sico de Avellaneda y <a href=\"https:\/\/www.locoxelrojo.com\/independiente\/2023\/04\/17\/se-defienden\/\">fue quien le dio el OK a Yael Falc\u00f3n Perez para que sancione el bochornoso penal a favor de Racing<\/a>.<\/p>\n<p>Sin contar los partidos que estuvo como \u00e1rbitro asistente de video, su historial con el Rojo es favorable: lo dirigi\u00f3 11 veces, de las cuales el Rey de Copas<strong> gan\u00f3 5, empat\u00f3 2 y perdi\u00f3 en 4<\/strong> oportunidades.<\/p>\n<p>El \u00faltimo encuentro de Independiente con Herrera fue la<strong> derrota frente a Platense 2-1 <\/strong>en el Estadio Libertadores de Am\u00e9rica &#8211; Ricardo Enrique Bochini, por la fecha 2 de este torneo.<\/p>\n<p>Este domingo a las 18 en Avellaneda, <strong>Maximiliano del Yesso y Adri\u00e1n Delbarba ser\u00e1n los jueces de l\u00ednea<\/strong>, mientras que Ariel Penel estar\u00e1 cuarto \u00e1rbitro.<\/p>\n<h3>El \u00faltimo del Rojo con Herrera<\/h3>\n<p><iframe loading=\"lazy\" title=\"\u00a1GRAN TRIUNFO del CALAMAR ante el ROJO en AVELLANEDA! | Independiente 1-2 Platense | RESUMEN\" width=\"696\" height=\"392\" src=\"https:\/\/www.youtube.com\/embed\/rtw7XCRmO5k?feature=oembed\" frameborder=\"0\" allow=\"accelerometer; autoplay; clipboard-write; encrypted-media; gyroscope; picture-in-picture; web-share\" allowfullscreen><\/iframe><\/p>\n","protected":false},"excerpt":{"rendered":"<p>La AFA design\u00f3 a Dar\u00edo Herrera como el juez del encuentro entre Independiente y Belgrano por la fecha 14 de la Liga Profesional de F\u00fatbol. Herrera estuvo a cargo del VAR en el \u00faltimo Cl\u00e1sico de Avellaneda y fue quien le dio el OK a Yael Falc\u00f3n Perez para que sancione el bochornoso penal a [&hellip;]<\/p>\n","protected":false},"author":101034,"featured_media":112376,"comment_status":"open","ping_status":"closed","sticky":false,"template":"","format":"standard","meta":{"_links_to":"","_links_to_target":""},"categories":[3280,3247],"tags":[2733,153,2511,5275],"_links":{"self":[{"href":"https:\/\/www.locoxelrojo.com\/independiente\/wp-json\/wp\/v2\/posts\/112375"}],"collection":[{"href":"https:\/\/www.locoxelrojo.com\/independiente\/wp-json\/wp\/v2\/posts"}],"about":[{"href":"https:\/\/www.locoxelrojo.com\/independiente\/wp-json\/wp\/v2\/types\/post"}],"author":[{"embeddable":true,"href":"https:\/\/www.locoxelrojo.com\/independiente\/wp-json\/wp\/v2\/users\/101034"}],"replies":[{"embeddable":true,"href":"https:\/\/www.locoxelrojo.com\/independiente\/wp-json\/wp\/v2\/comments?post=112375"}],"version-history":[{"count":2,"href":"https:\/\/www.locoxelrojo.com\/independiente\/wp-json\/wp\/v2\/posts\/112375\/revisions"}],"predecessor-version":[{"id":112378,"href":"https:\/\/www.locoxelrojo.com\/independiente\/wp-json\/wp\/v2\/posts\/112375\/revisions\/112378"}],"wp:featuredmedia":[{"embeddable":true,"href":"https:\/\/www.locoxelrojo.com\/independiente\/wp-json\/wp\/v2\/media\/112376"}],"wp:attachment":[{"href":"https:\/\/www.locoxelrojo.com\/independiente\/wp-json\/wp\/v2\/media?parent=112375"}],"wp:term":[{"taxonomy":"category","embeddable":true,"href":"https:\/\/www.locoxelrojo.com\/independiente\/wp-json\/wp\/v2\/categories?post=112375"},{"taxonomy":"post_tag","embeddable":true,"href":"https:\/\/www.locoxelrojo.com\/independiente\/wp-json\/wp\/v2\/tags?post=112375"}],"curies":[{"name":"wp","href":"https:\/\/api.w.org\/{rel}","templated":true}]}}