{"id":112435,"date":"2023-04-29T19:00:10","date_gmt":"2023-04-29T22:00:10","guid":{"rendered":"https:\/\/www.locoxelrojo.com\/independiente\/?p=112435"},"modified":"2023-04-29T20:39:27","modified_gmt":"2023-04-29T23:39:27","slug":"concentrados-vs-belgrano-vuelven-tres-pibes","status":"publish","type":"post","link":"https:\/\/www.locoxelrojo.com\/independiente\/2023\/04\/29\/concentrados-vs-belgrano-vuelven-tres-pibes\/","title":{"rendered":"Concentrados vs. Belgrano: vuelven tres pibes"},"content":{"rendered":"<p><strong>Ricardo Zielinski<\/strong> entreg\u00f3 la lista de concentrados de <strong>Independiente<\/strong> para recibir a <strong>Belgrano<\/strong> este domingo, a partir de las 18 por la fecha 14 de la <strong>Liga Profesional<\/strong>.<\/p>\n<p>La n\u00f3mina tuvo varios cambios respecto de la anterior. En la defensa, salen Dami\u00e1n P\u00e9rez (expulsi\u00f3n vs. River), Luciano G\u00f3mez (lesi\u00f3n muscular) y Martin Gonz\u00e1lez y en sus lugares <strong>ingresan Santiago Salle y Ayrton Costa<\/strong>.<\/p>\n<p>Por el lado del mediocampo, Agust\u00edn Mulet se pierde el partido por una sobrecarga y <strong>vuelve Justo D\u2019Angelo tras recuperarse de su lesi\u00f3n ligamentaria<\/strong>.<\/p>\n<h3>Los 23 Concentrados<\/h3>\n<p><span style=\"text-decoration: underline;\"><strong>Arqueros:<\/strong><\/span> Diego Segovia y Rodrigo Rey.<\/p>\n<p><span style=\"text-decoration: underline;\"><strong>Defensores:<\/strong><\/span> Joaqu\u00edn Laso, Edgar Elizalde, Patricio Ostachuk, Javier B\u00e1ez, Sergio Barreto, Salle y Costa.<\/p>\n<p><span style=\"text-decoration: underline;\"><strong>Mediocampistas:<\/strong><\/span> Mauricio Cuero, Kevin L\u00f3pez, Juan Cazares, Mart\u00edn Sarrafiore, D\u2019Angelo, Iv\u00e1n Marcone, Sergio Ort\u00edz y Baltasar Barcia.<\/p>\n<p><span style=\"text-decoration: underline;\"><strong>Delanteros:<\/strong><\/span> Mart\u00edn Cauteruccio, Santiago Hidalgo, Nicol\u00e1s Vallejo, Braian Mart\u00ednez, Mat\u00edas Gim\u00e9nez y Tomas Rambert.<\/p>\n<blockquote class=\"twitter-tweet\">\n<p dir=\"ltr\" lang=\"es\"> Lista de concentrados para el encuentro ante Belgrano de C\u00f3rdoba.<a href=\"https:\/\/twitter.com\/hashtag\/TodoRojo?src=hash&amp;ref_src=twsrc%5Etfw\">#TodoRojo<\/a>  <a href=\"https:\/\/t.co\/DJC1WQjK4v\">pic.twitter.com\/DJC1WQjK4v<\/a><\/p>\n<p>\u2014 C. A. Independiente (@Independiente) <a href=\"https:\/\/twitter.com\/Independiente\/status\/1652420780724985856?ref_src=twsrc%5Etfw\">April 29, 2023<\/a><\/p><\/blockquote>\n<p><script async src=\"https:\/\/platform.twitter.com\/widgets.js\" charset=\"utf-8\"><\/script><\/p>\n","protected":false},"excerpt":{"rendered":"<p>Ricardo Zielinski entreg\u00f3 la lista de concentrados de Independiente para recibir a Belgrano este domingo, a partir de las 18 por la fecha 14 de la Liga Profesional. La n\u00f3mina tuvo varios cambios respecto de la anterior. En la defensa, salen Dami\u00e1n P\u00e9rez (expulsi\u00f3n vs. River), Luciano G\u00f3mez (lesi\u00f3n muscular) y Martin Gonz\u00e1lez y en [&hellip;]<\/p>\n","protected":false},"author":101034,"featured_media":112436,"comment_status":"open","ping_status":"closed","sticky":false,"template":"","format":"standard","meta":{"_links_to":"","_links_to_target":""},"categories":[3247,3],"tags":[4687,899,153,2024,5210,5244],"_links":{"self":[{"href":"https:\/\/www.locoxelrojo.com\/independiente\/wp-json\/wp\/v2\/posts\/112435"}],"collection":[{"href":"https:\/\/www.locoxelrojo.com\/independiente\/wp-json\/wp\/v2\/posts"}],"about":[{"href":"https:\/\/www.locoxelrojo.com\/independiente\/wp-json\/wp\/v2\/types\/post"}],"author":[{"embeddable":true,"href":"https:\/\/www.locoxelrojo.com\/independiente\/wp-json\/wp\/v2\/users\/101034"}],"replies":[{"embeddable":true,"href":"https:\/\/www.locoxelrojo.com\/independiente\/wp-json\/wp\/v2\/comments?post=112435"}],"version-history":[{"count":1,"href":"https:\/\/www.locoxelrojo.com\/independiente\/wp-json\/wp\/v2\/posts\/112435\/revisions"}],"predecessor-version":[{"id":112437,"href":"https:\/\/www.locoxelrojo.com\/independiente\/wp-json\/wp\/v2\/posts\/112435\/revisions\/112437"}],"wp:featuredmedia":[{"embeddable":true,"href":"https:\/\/www.locoxelrojo.com\/independiente\/wp-json\/wp\/v2\/media\/112436"}],"wp:attachment":[{"href":"https:\/\/www.locoxelrojo.com\/independiente\/wp-json\/wp\/v2\/media?parent=112435"}],"wp:term":[{"taxonomy":"category","embeddable":true,"href":"https:\/\/www.locoxelrojo.com\/independiente\/wp-json\/wp\/v2\/categories?post=112435"},{"taxonomy":"post_tag","embeddable":true,"href":"https:\/\/www.locoxelrojo.com\/independiente\/wp-json\/wp\/v2\/tags?post=112435"}],"curies":[{"name":"wp","href":"https:\/\/api.w.org\/{rel}","templated":true}]}}