{"id":112503,"date":"2023-05-01T13:09:21","date_gmt":"2023-05-01T16:09:21","guid":{"rendered":"https:\/\/www.locoxelrojo.com\/independiente\/?p=112503"},"modified":"2023-05-01T21:26:23","modified_gmt":"2023-05-02T00:26:23","slug":"santi-lopez-ya-se-entrena-con-primera","status":"publish","type":"post","link":"https:\/\/www.locoxelrojo.com\/independiente\/2023\/05\/01\/santi-lopez-ya-se-entrena-con-primera\/","title":{"rendered":"Santi L\u00f3pez ya se entrena con Primera"},"content":{"rendered":"<p><strong>Santiago L\u00f3pez ya se entrena junto al plantel de Primera Divisi\u00f3n.<\/strong><\/p>\n<p>Este lunes, a pesar del feriado, Independiente comenz\u00f3 la semana de trabajos pensando en el partido del s\u00e1bado frente a Argentinos Juniors. <strong>La novedad de la jornada fue la presencia del juvenil que viene de hacer un gran Sudamericano junto a la Selecci\u00f3n Argentina Sub 17.<\/strong><\/p>\n<p>L\u00f3pez, despu\u00e9s de algunos trabajos f\u00edsicos, particip\u00f3 <a href=\"https:\/\/www.locoxelrojo.com\/independiente\/2023\/05\/01\/amistoso-y-victoria-ante-talleres-de-escalada\/\">del amistoso con Talleres de Remedios de Escalada<\/a> que disputaron aquellos que no jugaron en la victoria 2-0 a Belgrano o sumaron pocos minutos.<strong> El delantero, de apenas 17 a\u00f1os, ingres\u00f3 en el complemento por Braian Mart\u00ednez.<\/strong> Fue victoria 2-1 para el Rojo con goles de Edgar Elizalde y Nicol\u00e1s Vallejo.<\/p>\n<p>A partir de ahora, <strong>continuar\u00e1 entrenando bajo las \u00f3rdenes de Ricardo Zielinski<\/strong>.<\/p>\n<blockquote class=\"twitter-tweet\">\n<p dir=\"ltr\" lang=\"es\"> \u00a1Arrancamos, <a href=\"https:\/\/twitter.com\/santiiloopez9?ref_src=twsrc%5Etfw\">@santiiloopez9<\/a>!<a href=\"https:\/\/twitter.com\/hashtag\/TodoRojo?src=hash&amp;ref_src=twsrc%5Etfw\">#TodoRojo<\/a>  <a href=\"https:\/\/t.co\/klc5rpqUWS\">pic.twitter.com\/klc5rpqUWS<\/a><\/p>\n<p>\u2014 C. A. Independiente (@Independiente) <a href=\"https:\/\/twitter.com\/Independiente\/status\/1653057408950730754?ref_src=twsrc%5Etfw\">May 1, 2023<\/a><\/p><\/blockquote>\n<p><script async src=\"https:\/\/platform.twitter.com\/widgets.js\" charset=\"utf-8\"><\/script><\/p>\n","protected":false},"excerpt":{"rendered":"<p>Santiago L\u00f3pez ya se entrena junto al plantel de Primera Divisi\u00f3n. Este lunes, a pesar del feriado, Independiente comenz\u00f3 la semana de trabajos pensando en el partido del s\u00e1bado frente a Argentinos Juniors. La novedad de la jornada fue la presencia del juvenil que viene de hacer un gran Sudamericano junto a la Selecci\u00f3n Argentina [&hellip;]<\/p>\n","protected":false},"author":1,"featured_media":112504,"comment_status":"open","ping_status":"closed","sticky":false,"template":"","format":"standard","meta":{"_links_to":"","_links_to_target":""},"categories":[3247,3],"tags":[153,2084,5162],"_links":{"self":[{"href":"https:\/\/www.locoxelrojo.com\/independiente\/wp-json\/wp\/v2\/posts\/112503"}],"collection":[{"href":"https:\/\/www.locoxelrojo.com\/independiente\/wp-json\/wp\/v2\/posts"}],"about":[{"href":"https:\/\/www.locoxelrojo.com\/independiente\/wp-json\/wp\/v2\/types\/post"}],"author":[{"embeddable":true,"href":"https:\/\/www.locoxelrojo.com\/independiente\/wp-json\/wp\/v2\/users\/1"}],"replies":[{"embeddable":true,"href":"https:\/\/www.locoxelrojo.com\/independiente\/wp-json\/wp\/v2\/comments?post=112503"}],"version-history":[{"count":1,"href":"https:\/\/www.locoxelrojo.com\/independiente\/wp-json\/wp\/v2\/posts\/112503\/revisions"}],"predecessor-version":[{"id":112505,"href":"https:\/\/www.locoxelrojo.com\/independiente\/wp-json\/wp\/v2\/posts\/112503\/revisions\/112505"}],"wp:featuredmedia":[{"embeddable":true,"href":"https:\/\/www.locoxelrojo.com\/independiente\/wp-json\/wp\/v2\/media\/112504"}],"wp:attachment":[{"href":"https:\/\/www.locoxelrojo.com\/independiente\/wp-json\/wp\/v2\/media?parent=112503"}],"wp:term":[{"taxonomy":"category","embeddable":true,"href":"https:\/\/www.locoxelrojo.com\/independiente\/wp-json\/wp\/v2\/categories?post=112503"},{"taxonomy":"post_tag","embeddable":true,"href":"https:\/\/www.locoxelrojo.com\/independiente\/wp-json\/wp\/v2\/tags?post=112503"}],"curies":[{"name":"wp","href":"https:\/\/api.w.org\/{rel}","templated":true}]}}