{"id":112616,"date":"2023-05-08T19:31:22","date_gmt":"2023-05-08T22:31:22","guid":{"rendered":"https:\/\/www.locoxelrojo.com\/independiente\/?p=112616"},"modified":"2023-05-08T19:31:22","modified_gmt":"2023-05-08T22:31:22","slug":"tomas-parmo-a-la-seleccion-argentina-sub-15","status":"publish","type":"post","link":"https:\/\/www.locoxelrojo.com\/independiente\/2023\/05\/08\/tomas-parmo-a-la-seleccion-argentina-sub-15\/","title":{"rendered":"Tom\u00e1s Parmo a la Selecci\u00f3n Argentina Sub 15"},"content":{"rendered":"<p><strong>Tom\u00e1s Parmo<\/strong> es una de las joyas que tiene Independiente y este fin de semana recibi\u00f3 una gran noticia.<\/p>\n<p>El enganche de la 8va divisi\u00f3n <strong>fue convocado por Pablo Aimar para integrar la Selecci\u00f3n Argentina Sub 15<\/strong>. A pesar de ser muy joven, en el club ya se viene hablando hace bastante de \u00e9l y, a base de buenos rendimientos, tiene un merecido premio.<\/p>\n<p>Para el que le suena el apellido, <strong>es hijo del periodista Alejandro Parmo<\/strong>. Est\u00e1 en el club desde Infantiles y <strong>es categor\u00eda 2008<\/strong>. Puede jugar de enganche o mediapunta.<\/p>\n<p>En la jornada de este s\u00e1bado, <a href=\"https:\/\/www.locoxelrojo.com\/independiente\/2023\/05\/07\/https-www-locoxelrojo-com-independiente-2023-05-06-resultados-posita-los-mas-chicos\/\">convirti\u00f3 un gol en la goleada 4-1 del Rojo frente a Col\u00f3n<\/a> en el predio de Villa Dom\u00ednico.<\/p>\n<blockquote class=\"twitter-tweet\">\n<p dir=\"ltr\" lang=\"es\">Esta ma\u00f1ana, mientras acompa\u00f1aba a la Reserva en el LDA &#8211; Ricardo Enrique Bochini, Tom\u00e1s Parmo fue convocado por Pablo Aimar para formar parte de la Selecci\u00f3n Argentina Sub 15.<\/p>\n<p>\u00a1Felicitaciones y a seguir aprendiendo, Tomi! <a href=\"https:\/\/twitter.com\/hashtag\/OrgulloNacional?src=hash&amp;ref_src=twsrc%5Etfw\">#OrgulloNacional<\/a> <a href=\"https:\/\/twitter.com\/hashtag\/TodoRojo?src=hash&amp;ref_src=twsrc%5Etfw\">#TodoRojo<\/a>  <a href=\"https:\/\/t.co\/NhJCSacBDl\">pic.twitter.com\/NhJCSacBDl<\/a><\/p>\n<p>\u2014 C. A. Independiente (@Independiente) <a href=\"https:\/\/twitter.com\/Independiente\/status\/1655265118932946949?ref_src=twsrc%5Etfw\">May 7, 2023<\/a><\/p><\/blockquote>\n<p><script async src=\"https:\/\/platform.twitter.com\/widgets.js\" charset=\"utf-8\"><\/script><\/p>\n","protected":false},"excerpt":{"rendered":"<p>Tom\u00e1s Parmo es una de las joyas que tiene Independiente y este fin de semana recibi\u00f3 una gran noticia. El enganche de la 8va divisi\u00f3n fue convocado por Pablo Aimar para integrar la Selecci\u00f3n Argentina Sub 15. A pesar de ser muy joven, en el club ya se viene hablando hace bastante de \u00e9l y, [&hellip;]<\/p>\n","protected":false},"author":101034,"featured_media":112617,"comment_status":"open","ping_status":"closed","sticky":false,"template":"","format":"standard","meta":{"_links_to":"","_links_to_target":""},"categories":[3247,3281],"tags":[153,747,5165],"_links":{"self":[{"href":"https:\/\/www.locoxelrojo.com\/independiente\/wp-json\/wp\/v2\/posts\/112616"}],"collection":[{"href":"https:\/\/www.locoxelrojo.com\/independiente\/wp-json\/wp\/v2\/posts"}],"about":[{"href":"https:\/\/www.locoxelrojo.com\/independiente\/wp-json\/wp\/v2\/types\/post"}],"author":[{"embeddable":true,"href":"https:\/\/www.locoxelrojo.com\/independiente\/wp-json\/wp\/v2\/users\/101034"}],"replies":[{"embeddable":true,"href":"https:\/\/www.locoxelrojo.com\/independiente\/wp-json\/wp\/v2\/comments?post=112616"}],"version-history":[{"count":1,"href":"https:\/\/www.locoxelrojo.com\/independiente\/wp-json\/wp\/v2\/posts\/112616\/revisions"}],"predecessor-version":[{"id":112618,"href":"https:\/\/www.locoxelrojo.com\/independiente\/wp-json\/wp\/v2\/posts\/112616\/revisions\/112618"}],"wp:featuredmedia":[{"embeddable":true,"href":"https:\/\/www.locoxelrojo.com\/independiente\/wp-json\/wp\/v2\/media\/112617"}],"wp:attachment":[{"href":"https:\/\/www.locoxelrojo.com\/independiente\/wp-json\/wp\/v2\/media?parent=112616"}],"wp:term":[{"taxonomy":"category","embeddable":true,"href":"https:\/\/www.locoxelrojo.com\/independiente\/wp-json\/wp\/v2\/categories?post=112616"},{"taxonomy":"post_tag","embeddable":true,"href":"https:\/\/www.locoxelrojo.com\/independiente\/wp-json\/wp\/v2\/tags?post=112616"}],"curies":[{"name":"wp","href":"https:\/\/api.w.org\/{rel}","templated":true}]}}