{"id":112647,"date":"2023-05-09T19:28:09","date_gmt":"2023-05-09T22:28:09","guid":{"rendered":"https:\/\/www.locoxelrojo.com\/independiente\/?p=112647"},"modified":"2023-05-10T00:44:21","modified_gmt":"2023-05-10T03:44:21","slug":"grindetti-estoy-100-dedicado-a-independiente-trabajando-full-time","status":"publish","type":"post","link":"https:\/\/www.locoxelrojo.com\/independiente\/2023\/05\/09\/grindetti-estoy-100-dedicado-a-independiente-trabajando-full-time\/","title":{"rendered":"Grindetti: &#8220;Estoy 100% dedicado a Independiente, trabajando full time&#8221;"},"content":{"rendered":"<p><strong>N\u00e9stor Grindetti <\/strong>habl\u00f3 sobre la posibilidad de continuar como presidente y asegur\u00f3 que est\u00e1 <strong>&#8220;100% dedicado a Independiente&#8221;<\/strong>. Adem\u00e1s, dio detalles de la colecta de Santiago Maratea y del caso de Gonzalo Ver\u00f3n.<\/p>\n<p>Ya empezaron las conversaciones para definir la fecha de la Asamblea en la que se definir\u00e1 qui\u00e9n manejar\u00e1 los destinos del club por los pr\u00f3ximos cuatro a\u00f1os. Seg\u00fan pudo averiguar <strong>LocoXelRojo<\/strong>, se llevar\u00eda a cabo en junio y hay muchas chances de que Grindetti contin\u00fae como presidente y complete todo el mandato hasta 2026. Asimismo, todav\u00eda hay cuestiones que \u00e9l mismo debe resolver en torno a su carrera pol\u00edtica provincial.<\/p>\n<p><strong>&#8220;Primero voy a esperar que se resuelva si soy candidato a gobernador o no y en funci\u00f3n de eso tomaremos una definici\u00f3n. Por ahora estoy 100% dedicado a Independiente. Estoy trabajando full time para meterle con todo&#8221;<\/strong>, coment\u00f3 Grindetti en charla con <em>Newsweek Argentina<\/em>.<\/p>\n<p><strong>&#8220;Al club hay que reestructurarlo, cambiar sistemas, reordenar, planificar, hay que hacer muchas cosas y ya las estamos haciendo&#8221;<\/strong>, a\u00f1adi\u00f3 el presidente en medio de estas horas decisivas, y detall\u00f3 el trabajo de la dirigencia para ir tapando los agujeros econ\u00f3micos:<strong> &#8220;En estos seis meses logramos resolver todos los problemas de sponsoreo de la indumentaria e hicimos casi 19.000 socios nuevos, que eso nos permite tener mayores ingresos. Tambi\u00e9n cambiamos todo el sistema de publicidad en el estadio y seguimos trabajando en cuestiones de marketing que nos est\u00e1n produciendo ingresos adicionales&#8221;<\/strong>.<\/p>\n<p>Sobre la colecta que organiz\u00f3 Maratea, anticip\u00f3 que el dinero que junten los hinchas ser\u00e1 primeramente para cancelar la deuda con Am\u00e9rica y explic\u00f3 c\u00f3mo ser\u00e1 el m\u00e9todo de pago:<strong> &#8220;Una vez que junte los fondos, los tiene que transferir a una cuenta bancaria, con eso se compran los d\u00f3lares oficiales con la autorizaci\u00f3n del Banco Central y se gira a los mexicanos. Una vez que reciben los fondos, hacen un libre de deuda y lo env\u00edan a la FIFA para levantar la inhibici\u00f3n&#8221;<\/strong>.<\/p>\n<p>Finalmente, se refiri\u00f3 al pol\u00e9mico fallo en contra del club por el caso de Gonzalo Ver\u00f3n, una de las m\u00e1ximas preocupaciones del hincha de Independiente.<strong> &#8220;Hemos ido en queja a la Corte Suprema de la Provincia de Buenos Aires y aspiramos a que se resuelva. Es un fallo muy controvertido y hemos presentado una cantidad muy importante de pruebas&#8221;<\/strong>, afirm\u00f3.<\/p>\n","protected":false},"excerpt":{"rendered":"<p>N\u00e9stor Grindetti habl\u00f3 sobre la posibilidad de continuar como presidente y asegur\u00f3 que est\u00e1 &#8220;100% dedicado a Independiente&#8221;. Adem\u00e1s, dio detalles de la colecta de Santiago Maratea y del caso de Gonzalo Ver\u00f3n. Ya empezaron las conversaciones para definir la fecha de la Asamblea en la que se definir\u00e1 qui\u00e9n manejar\u00e1 los destinos del club [&hellip;]<\/p>\n","protected":false},"author":8,"featured_media":109416,"comment_status":"open","ping_status":"closed","sticky":false,"template":"","format":"standard","meta":{"_links_to":"","_links_to_target":""},"categories":[3280,3247],"tags":[153,1455],"_links":{"self":[{"href":"https:\/\/www.locoxelrojo.com\/independiente\/wp-json\/wp\/v2\/posts\/112647"}],"collection":[{"href":"https:\/\/www.locoxelrojo.com\/independiente\/wp-json\/wp\/v2\/posts"}],"about":[{"href":"https:\/\/www.locoxelrojo.com\/independiente\/wp-json\/wp\/v2\/types\/post"}],"author":[{"embeddable":true,"href":"https:\/\/www.locoxelrojo.com\/independiente\/wp-json\/wp\/v2\/users\/8"}],"replies":[{"embeddable":true,"href":"https:\/\/www.locoxelrojo.com\/independiente\/wp-json\/wp\/v2\/comments?post=112647"}],"version-history":[{"count":1,"href":"https:\/\/www.locoxelrojo.com\/independiente\/wp-json\/wp\/v2\/posts\/112647\/revisions"}],"predecessor-version":[{"id":112648,"href":"https:\/\/www.locoxelrojo.com\/independiente\/wp-json\/wp\/v2\/posts\/112647\/revisions\/112648"}],"wp:featuredmedia":[{"embeddable":true,"href":"https:\/\/www.locoxelrojo.com\/independiente\/wp-json\/wp\/v2\/media\/109416"}],"wp:attachment":[{"href":"https:\/\/www.locoxelrojo.com\/independiente\/wp-json\/wp\/v2\/media?parent=112647"}],"wp:term":[{"taxonomy":"category","embeddable":true,"href":"https:\/\/www.locoxelrojo.com\/independiente\/wp-json\/wp\/v2\/categories?post=112647"},{"taxonomy":"post_tag","embeddable":true,"href":"https:\/\/www.locoxelrojo.com\/independiente\/wp-json\/wp\/v2\/tags?post=112647"}],"curies":[{"name":"wp","href":"https:\/\/api.w.org\/{rel}","templated":true}]}}