{"id":112809,"date":"2023-05-16T20:30:39","date_gmt":"2023-05-16T23:30:39","guid":{"rendered":"https:\/\/www.locoxelrojo.com\/independiente\/?p=112809"},"modified":"2023-05-16T20:30:39","modified_gmt":"2023-05-16T23:30:39","slug":"sarrafiore-zielinski-nos-dio-orden-y-nos-levanto-en-lo-animico","status":"publish","type":"post","link":"https:\/\/www.locoxelrojo.com\/independiente\/2023\/05\/16\/sarrafiore-zielinski-nos-dio-orden-y-nos-levanto-en-lo-animico\/","title":{"rendered":"Sarrafiore: &#8220;Zielinski nos dio orden y nos levant\u00f3 en lo an\u00edmico&#8221;"},"content":{"rendered":"<p><strong>Mart\u00edn Sarrafiore<\/strong> analiz\u00f3 su presente en el club y las mejoras que tuvo el equipo desde la llegada de Ricardo Zielinski.<\/p>\n<p><strong>&#8220;Siempre quiero estar, tuve que ser fuerte mentalmente para seguir trabajando hasta esperar mi momento. Estoy agradecido al cuerpo t\u00e9cnico por la posibilidad que me da de jugar y mostrarme&#8221;<\/strong>, expres\u00f3 en di\u00e1logo con Muy Independiente. <strong>&#8220;El cambio fue t\u00e1ctico y lo tom\u00e9 de la mejor manera, dese\u00e1ndole lo mejor al compa\u00f1ero que le toc\u00f3 entrar&#8221;<\/strong>, agreg\u00f3.<\/p>\n<p>En cuanto a la posici\u00f3n que ocup\u00f3, dijo: <strong>&#8220;Yo soy mediapunta o delantero, pero en Brasil ya he jugado de segundo volante, es una posici\u00f3n que conozco. Como doble cinco me siento c\u00f3modo porque tengo la cancha de frente, tengo que adaptarme a este nuevo rol, ser m\u00e1s ordenado y defender mejor\u201d<\/strong>.<\/p>\n<p>Sobre la importancia del DT en esta seguidilla de resultados positivos, reconoci\u00f3: <strong>&#8220;Zielinski nos ha dado orden, nos sentimos c\u00f3modos y especialmente nos levant\u00f3 en lo an\u00edmico para encaminarnos despu\u00e9s de algunas derrotas que hab\u00edamos sufrido&#8221;<\/strong>.<\/p>\n<p>Para finalizar, se refiri\u00f3 al triunfazo contra Tigre. <strong>&#8220;El gol ag\u00f3nico fue algo incre\u00edble. Sentimos un cambio de energ\u00eda, con la hinchada que tira para adelante. Queremos agradecerle a la gente por el apoyo&#8221;<\/strong>, cerr\u00f3.<\/p>\n","protected":false},"excerpt":{"rendered":"<p>Mart\u00edn Sarrafiore analiz\u00f3 su presente en el club y las mejoras que tuvo el equipo desde la llegada de Ricardo Zielinski. &#8220;Siempre quiero estar, tuve que ser fuerte mentalmente para seguir trabajando hasta esperar mi momento. Estoy agradecido al cuerpo t\u00e9cnico por la posibilidad que me da de jugar y mostrarme&#8221;, expres\u00f3 en di\u00e1logo con [&hellip;]<\/p>\n","protected":false},"author":1,"featured_media":112811,"comment_status":"open","ping_status":"closed","sticky":false,"template":"","format":"standard","meta":{"_links_to":"","_links_to_target":""},"categories":[3247,3],"tags":[5346],"_links":{"self":[{"href":"https:\/\/www.locoxelrojo.com\/independiente\/wp-json\/wp\/v2\/posts\/112809"}],"collection":[{"href":"https:\/\/www.locoxelrojo.com\/independiente\/wp-json\/wp\/v2\/posts"}],"about":[{"href":"https:\/\/www.locoxelrojo.com\/independiente\/wp-json\/wp\/v2\/types\/post"}],"author":[{"embeddable":true,"href":"https:\/\/www.locoxelrojo.com\/independiente\/wp-json\/wp\/v2\/users\/1"}],"replies":[{"embeddable":true,"href":"https:\/\/www.locoxelrojo.com\/independiente\/wp-json\/wp\/v2\/comments?post=112809"}],"version-history":[{"count":1,"href":"https:\/\/www.locoxelrojo.com\/independiente\/wp-json\/wp\/v2\/posts\/112809\/revisions"}],"predecessor-version":[{"id":112812,"href":"https:\/\/www.locoxelrojo.com\/independiente\/wp-json\/wp\/v2\/posts\/112809\/revisions\/112812"}],"wp:featuredmedia":[{"embeddable":true,"href":"https:\/\/www.locoxelrojo.com\/independiente\/wp-json\/wp\/v2\/media\/112811"}],"wp:attachment":[{"href":"https:\/\/www.locoxelrojo.com\/independiente\/wp-json\/wp\/v2\/media?parent=112809"}],"wp:term":[{"taxonomy":"category","embeddable":true,"href":"https:\/\/www.locoxelrojo.com\/independiente\/wp-json\/wp\/v2\/categories?post=112809"},{"taxonomy":"post_tag","embeddable":true,"href":"https:\/\/www.locoxelrojo.com\/independiente\/wp-json\/wp\/v2\/tags?post=112809"}],"curies":[{"name":"wp","href":"https:\/\/api.w.org\/{rel}","templated":true}]}}