{"id":112914,"date":"2023-05-23T16:25:06","date_gmt":"2023-05-23T19:25:06","guid":{"rendered":"https:\/\/www.locoxelrojo.com\/independiente\/?p=112914"},"modified":"2023-05-23T16:25:06","modified_gmt":"2023-05-23T19:25:06","slug":"la-explicacion-oficial-del-aumento-en-la-cuota-social","status":"publish","type":"post","link":"https:\/\/www.locoxelrojo.com\/independiente\/2023\/05\/23\/la-explicacion-oficial-del-aumento-en-la-cuota-social\/","title":{"rendered":"La explicaci\u00f3n oficial del aumento en la cuota social"},"content":{"rendered":"<p>Bastante pol\u00e9mica gener\u00f3 <a href=\"https:\/\/www.locoxelrojo.com\/independiente\/2023\/05\/21\/vuelve-a-aumentar-la-cuota-social\/\">el \u00faltimo aumento en la cuota social de Independiente<\/a>. <strong>\u00bfCu\u00e1l es la explicaci\u00f3n de los dirigentes?<\/strong><\/p>\n<p>Daniel Seoane, secretario general, en di\u00e1logo con Muy Independiente dio los motivos por los cu\u00e1les se tom\u00f3 la decisi\u00f3n de aumentar las cuotas sociales de todas las categor\u00edas. <strong>&#8220;Cuando asumimos la cuota social estaba muy baja. Nunca la aumentamos al precio que realmente ten\u00eda que estar. Actualizamos los precios seg\u00fan la inflaci\u00f3n que hay. Es el pa\u00eds en el que vivimos&#8221;<\/strong>, expreso.<\/p>\n<p><strong>&#8220;Tuvimos un aumento de UTEDYC del 22% en todos los empleados. Los gastos salariales entre empleados y jugadores superan los 100.000.000 de pesos. En los \u00faltimos meses tuvimos un aumento acumulado del 44%. No hubo precios caros en los abonos, nosotros acompa\u00f1amos, pero la actualizaci\u00f3n es un precio popular&#8221;<\/strong>, explic\u00f3.<\/p>\n<p><strong>&#8220;Racing el mes que viene seguramente aumentar\u00e1 la cuota y ser\u00e1 m\u00e1s cara que la nuestra. Ya est\u00e1n pagando 4.500 pesos hace 2 o 3 meses. Todos los equipos conviven con eso&#8221;<\/strong>, cerr\u00f3.<\/p>\n","protected":false},"excerpt":{"rendered":"<p>Bastante pol\u00e9mica gener\u00f3 el \u00faltimo aumento en la cuota social de Independiente. \u00bfCu\u00e1l es la explicaci\u00f3n de los dirigentes? Daniel Seoane, secretario general, en di\u00e1logo con Muy Independiente dio los motivos por los cu\u00e1les se tom\u00f3 la decisi\u00f3n de aumentar las cuotas sociales de todas las categor\u00edas. &#8220;Cuando asumimos la cuota social estaba muy baja. [&hellip;]<\/p>\n","protected":false},"author":1,"featured_media":112915,"comment_status":"open","ping_status":"closed","sticky":false,"template":"","format":"standard","meta":{"_links_to":"","_links_to_target":""},"categories":[3280,3247],"tags":[153,415,1793],"_links":{"self":[{"href":"https:\/\/www.locoxelrojo.com\/independiente\/wp-json\/wp\/v2\/posts\/112914"}],"collection":[{"href":"https:\/\/www.locoxelrojo.com\/independiente\/wp-json\/wp\/v2\/posts"}],"about":[{"href":"https:\/\/www.locoxelrojo.com\/independiente\/wp-json\/wp\/v2\/types\/post"}],"author":[{"embeddable":true,"href":"https:\/\/www.locoxelrojo.com\/independiente\/wp-json\/wp\/v2\/users\/1"}],"replies":[{"embeddable":true,"href":"https:\/\/www.locoxelrojo.com\/independiente\/wp-json\/wp\/v2\/comments?post=112914"}],"version-history":[{"count":1,"href":"https:\/\/www.locoxelrojo.com\/independiente\/wp-json\/wp\/v2\/posts\/112914\/revisions"}],"predecessor-version":[{"id":112916,"href":"https:\/\/www.locoxelrojo.com\/independiente\/wp-json\/wp\/v2\/posts\/112914\/revisions\/112916"}],"wp:featuredmedia":[{"embeddable":true,"href":"https:\/\/www.locoxelrojo.com\/independiente\/wp-json\/wp\/v2\/media\/112915"}],"wp:attachment":[{"href":"https:\/\/www.locoxelrojo.com\/independiente\/wp-json\/wp\/v2\/media?parent=112914"}],"wp:term":[{"taxonomy":"category","embeddable":true,"href":"https:\/\/www.locoxelrojo.com\/independiente\/wp-json\/wp\/v2\/categories?post=112914"},{"taxonomy":"post_tag","embeddable":true,"href":"https:\/\/www.locoxelrojo.com\/independiente\/wp-json\/wp\/v2\/tags?post=112914"}],"curies":[{"name":"wp","href":"https:\/\/api.w.org\/{rel}","templated":true}]}}