{"id":112917,"date":"2023-05-23T16:58:39","date_gmt":"2023-05-23T19:58:39","guid":{"rendered":"https:\/\/www.locoxelrojo.com\/independiente\/?p=112917"},"modified":"2023-05-23T16:58:39","modified_gmt":"2023-05-23T19:58:39","slug":"ortiz-la-preocupacion-de-zielinski","status":"publish","type":"post","link":"https:\/\/www.locoxelrojo.com\/independiente\/2023\/05\/23\/ortiz-la-preocupacion-de-zielinski\/","title":{"rendered":"Ort\u00edz, la preocupaci\u00f3n de Zielinski"},"content":{"rendered":"<p><strong>Sergio Ort\u00edz arrastra una lesi\u00f3n y su participaci\u00f3n el s\u00e1bado ante Lan\u00fas est\u00e1 en duda.<\/strong><\/p>\n<p>El Melli no pudo finalizar el partido con Arsenal por <strong>un fuerte golpe en la rodilla<\/strong>. Los d\u00edas pasan y, a pesar de todos los trabajos diferenciados que viene realizando para la recuperaci\u00f3n, <strong>todav\u00eda siente molestias. <\/strong><\/p>\n<p>Tanto el cuerpo m\u00e9dico como el cuerpo t\u00e9cnico <strong>siguen de cerca la evoluci\u00f3n del jugador<\/strong>, que se convirti\u00f3 en una pieza clave para Ricardo Zielinski.<\/p>\n<p>\u00bfQu\u00e9 alternativas tiene el Ruso? Hoy por hoy son pocas y de distintas caracter\u00edsticas. Hay que recordar que a <strong>Iv\u00e1n Marcone a\u00fan le falta para volver<\/strong> tras el desgarro que sufri\u00f3. <strong>Lo mismo Agust\u00edn Mulet, por su problema en la cadera.<\/strong><\/p>\n<p>Pensando en una funci\u00f3n m\u00e1s ofensiva, <strong>est\u00e1n Kevin L\u00f3pez y Mart\u00edn Sarrafiore<\/strong>. Tambi\u00e9n puede probar con <strong>Juan Cazares<\/strong>, con una peque\u00f1a modificaci\u00f3n del esquema. <strong>Rodrigo Atencio<\/strong> es otro futbolista que est\u00e1 habituado a jugar en esa posici\u00f3n en Reserva.<\/p>\n<p>Yendo a un rol m\u00e1s defensivo, <strong>Patricio Ostachuk fue volante central alguna vez durante el ciclo de Julio Falcioni<\/strong>. Otra alternativa m\u00e1s natural en el puesto significar\u00eda <strong>el debut de David Mart\u00ednez<\/strong>, mediocampista de 18 a\u00f1os titular en la Reserva de Pedro Monz\u00f3n y que m\u00e1s de una vez fue suplente en Primera.<\/p>\n","protected":false},"excerpt":{"rendered":"<p>Sergio Ort\u00edz arrastra una lesi\u00f3n y su participaci\u00f3n el s\u00e1bado ante Lan\u00fas est\u00e1 en duda. El Melli no pudo finalizar el partido con Arsenal por un fuerte golpe en la rodilla. Los d\u00edas pasan y, a pesar de todos los trabajos diferenciados que viene realizando para la recuperaci\u00f3n, todav\u00eda siente molestias. Tanto el cuerpo m\u00e9dico [&hellip;]<\/p>\n","protected":false},"author":1,"featured_media":112918,"comment_status":"open","ping_status":"closed","sticky":false,"template":"","format":"standard","meta":{"_links_to":"","_links_to_target":""},"categories":[3247,3],"tags":[5328,153,5205,2729,5141,5303,5346,2084,5132,4582],"_links":{"self":[{"href":"https:\/\/www.locoxelrojo.com\/independiente\/wp-json\/wp\/v2\/posts\/112917"}],"collection":[{"href":"https:\/\/www.locoxelrojo.com\/independiente\/wp-json\/wp\/v2\/posts"}],"about":[{"href":"https:\/\/www.locoxelrojo.com\/independiente\/wp-json\/wp\/v2\/types\/post"}],"author":[{"embeddable":true,"href":"https:\/\/www.locoxelrojo.com\/independiente\/wp-json\/wp\/v2\/users\/1"}],"replies":[{"embeddable":true,"href":"https:\/\/www.locoxelrojo.com\/independiente\/wp-json\/wp\/v2\/comments?post=112917"}],"version-history":[{"count":1,"href":"https:\/\/www.locoxelrojo.com\/independiente\/wp-json\/wp\/v2\/posts\/112917\/revisions"}],"predecessor-version":[{"id":112919,"href":"https:\/\/www.locoxelrojo.com\/independiente\/wp-json\/wp\/v2\/posts\/112917\/revisions\/112919"}],"wp:featuredmedia":[{"embeddable":true,"href":"https:\/\/www.locoxelrojo.com\/independiente\/wp-json\/wp\/v2\/media\/112918"}],"wp:attachment":[{"href":"https:\/\/www.locoxelrojo.com\/independiente\/wp-json\/wp\/v2\/media?parent=112917"}],"wp:term":[{"taxonomy":"category","embeddable":true,"href":"https:\/\/www.locoxelrojo.com\/independiente\/wp-json\/wp\/v2\/categories?post=112917"},{"taxonomy":"post_tag","embeddable":true,"href":"https:\/\/www.locoxelrojo.com\/independiente\/wp-json\/wp\/v2\/tags?post=112917"}],"curies":[{"name":"wp","href":"https:\/\/api.w.org\/{rel}","templated":true}]}}