{"id":11293,"date":"2011-09-23T06:20:12","date_gmt":"2011-09-23T09:20:12","guid":{"rendered":"http:\/\/www.locoxelrojo.com.ar\/independiente\/?p=11293"},"modified":"2015-09-15T22:47:56","modified_gmt":"2015-09-16T01:47:56","slug":"venta-de-entradas-vs-velez-2","status":"publish","type":"post","link":"https:\/\/www.locoxelrojo.com\/independiente\/2011\/09\/23\/venta-de-entradas-vs-velez-2\/","title":{"rendered":"Venta de plateas vs. V\u00e9lez"},"content":{"rendered":"<p><a href=\"http:\/\/www.locoxelrojo.com.ar\/independiente\/wp-content\/uploads\/2011\/09\/Erico_Baja_Libertadores.jpg\"><img loading=\"lazy\" class=\"alignnone size-full wp-image-11294\" title=\"Erico_Baja_Libertadores\" src=\"http:\/\/www.locoxelrojo.com.ar\/independiente\/wp-content\/uploads\/2011\/09\/Erico_Baja_Libertadores.jpg\" alt=\"\" width=\"590\" height=\"315\" srcset=\"https:\/\/locoxelrojo.com\/independiente\/wp-content\/uploads\/2011\/09\/Erico_Baja_Libertadores.jpg 590w, https:\/\/locoxelrojo.com\/independiente\/wp-content\/uploads\/2011\/09\/Erico_Baja_Libertadores-300x160.jpg 300w\" sizes=\"(max-width: 590px) 100vw, 590px\" \/><\/a><\/p>\n<p>La Secretar\u00eda De Prensa y Relaciones P\u00fablicas del Club Atl\u00e9tico Independiente dio a conocer los d\u00edas y horarios para la venta de entradas del partido que se disputar\u00e1 el pr\u00f3ximo domingo a las 11 de la ma\u00f1ana frente a V\u00e9lez S\u00e1rsfield. Podras adquirir tu localidad desde hoy viernes y hasta ma\u00f1ana, s\u00e1bado, de 11 a 17 en la Sede Social de Mitre 470 con la cuota de agosto paga.<\/p>\n<p>El domingo, habr\u00e1 venta de entradas en el Estadio Libertadores de Am\u00e9rica desde las 8 de la ma\u00f1an. Las personas con certificado de discapacidad solo podr\u00e1n acreditarse el viernes de 11 a 17 horas en la Sede Social de Avellaneda. A continuaci\u00f3n, se detallan los precios y las ubicaciones:<\/p>\n<p><strong>Norte Alta<br \/>\n<\/strong>Socios $ 20 \/\/ Invitados $ 70<\/p>\n<p><strong>Erico Alta<br \/>\n<\/strong>Socios $ 80 \/\/ Invitados $ 130<\/p>\n<p><strong>Erico Baja<br \/>\n<\/strong>Socios $\u00a0120 \/\/ Invitados $ 170<\/p>\n<p><strong>Garganta del Diablo 1 o 2<br \/>\n<\/strong>Socios $ 120 \/\/ Invitados $ 170<\/p>\n<p><strong>Palco Oficial<br \/>\n<\/strong>Socios $ 190 \/\/ Invitados $ 250<\/p>\n","protected":false},"excerpt":{"rendered":"<p>La Secretar\u00eda De Prensa y Relaciones P\u00fablicas del Club Atl\u00e9tico Independiente dio a conocer los d\u00edas y horarios para la venta de entradas del partido que se disputar\u00e1 el pr\u00f3ximo domingo a las 11 de la ma\u00f1ana frente a V\u00e9lez S\u00e1rsfield. Podras adquirir tu localidad desde hoy viernes y hasta ma\u00f1ana, s\u00e1bado, de 11 a [&hellip;]<\/p>\n","protected":false},"author":1,"featured_media":0,"comment_status":"open","ping_status":"open","sticky":false,"template":"","format":"standard","meta":{"_links_to":"","_links_to_target":""},"categories":[1,19],"tags":[972,153,2722,2357],"_links":{"self":[{"href":"https:\/\/www.locoxelrojo.com\/independiente\/wp-json\/wp\/v2\/posts\/11293"}],"collection":[{"href":"https:\/\/www.locoxelrojo.com\/independiente\/wp-json\/wp\/v2\/posts"}],"about":[{"href":"https:\/\/www.locoxelrojo.com\/independiente\/wp-json\/wp\/v2\/types\/post"}],"author":[{"embeddable":true,"href":"https:\/\/www.locoxelrojo.com\/independiente\/wp-json\/wp\/v2\/users\/1"}],"replies":[{"embeddable":true,"href":"https:\/\/www.locoxelrojo.com\/independiente\/wp-json\/wp\/v2\/comments?post=11293"}],"version-history":[{"count":0,"href":"https:\/\/www.locoxelrojo.com\/independiente\/wp-json\/wp\/v2\/posts\/11293\/revisions"}],"wp:attachment":[{"href":"https:\/\/www.locoxelrojo.com\/independiente\/wp-json\/wp\/v2\/media?parent=11293"}],"wp:term":[{"taxonomy":"category","embeddable":true,"href":"https:\/\/www.locoxelrojo.com\/independiente\/wp-json\/wp\/v2\/categories?post=11293"},{"taxonomy":"post_tag","embeddable":true,"href":"https:\/\/www.locoxelrojo.com\/independiente\/wp-json\/wp\/v2\/tags?post=11293"}],"curies":[{"name":"wp","href":"https:\/\/api.w.org\/{rel}","templated":true}]}}