{"id":112938,"date":"2023-05-24T15:00:35","date_gmt":"2023-05-24T18:00:35","guid":{"rendered":"https:\/\/www.locoxelrojo.com\/independiente\/?p=112938"},"modified":"2023-05-24T16:07:01","modified_gmt":"2023-05-24T19:07:01","slug":"ortiz-recuperado-y-a-la-par-del-grupo","status":"publish","type":"post","link":"https:\/\/www.locoxelrojo.com\/independiente\/2023\/05\/24\/ortiz-recuperado-y-a-la-par-del-grupo\/","title":{"rendered":"Ort\u00edz, recuperado y a la par del grupo"},"content":{"rendered":"<p>El plantel profesional de Independiente contin\u00faa con la puesta a punto pensando en el choque del pr\u00f3ximo s\u00e1bado ante Lan\u00fas y varios futbolistas avanzan en la recuperaci\u00f3n de sus respectivas lesiones. <strong>La buena noticia es que Ort\u00edz entren\u00f3 a la par del resto.<\/strong><\/p>\n<p>Este mi\u00e9rcoles por la ma\u00f1ana, desde el cuerpo m\u00e9dico informaron que Santiago L\u00f3pez, Sergio Ort\u00edz y Justo D\u00e1ngelo entrenaron con normalidad junto al plantel. <strong>Ricardo Zielinski sabe que podr\u00e1 contar con el Melli Ort\u00edz para recibir al Granate.<\/strong><\/p>\n<p>Adem\u00e1s, Sergio Barreto, Iv\u00e1n Marcone, Tom\u00e1s Rambert, Santiago Salle, Agust\u00edn Mulet, Rodrigo M\u00e1rquez, Tom\u00e1s Pozzo y Fernando Da Rosa contin\u00faan recuper\u00e1ndose de sus lesiones.<\/p>\n","protected":false},"excerpt":{"rendered":"<p>El plantel profesional de Independiente contin\u00faa con la puesta a punto pensando en el choque del pr\u00f3ximo s\u00e1bado ante Lan\u00fas y varios futbolistas avanzan en la recuperaci\u00f3n de sus respectivas lesiones. La buena noticia es que Ort\u00edz entren\u00f3 a la par del resto. Este mi\u00e9rcoles por la ma\u00f1ana, desde el cuerpo m\u00e9dico informaron que Santiago [&hellip;]<\/p>\n","protected":false},"author":14,"featured_media":112939,"comment_status":"open","ping_status":"closed","sticky":false,"template":"","format":"standard","meta":{"_links_to":"","_links_to_target":""},"categories":[3247,3],"tags":[153,4508],"_links":{"self":[{"href":"https:\/\/www.locoxelrojo.com\/independiente\/wp-json\/wp\/v2\/posts\/112938"}],"collection":[{"href":"https:\/\/www.locoxelrojo.com\/independiente\/wp-json\/wp\/v2\/posts"}],"about":[{"href":"https:\/\/www.locoxelrojo.com\/independiente\/wp-json\/wp\/v2\/types\/post"}],"author":[{"embeddable":true,"href":"https:\/\/www.locoxelrojo.com\/independiente\/wp-json\/wp\/v2\/users\/14"}],"replies":[{"embeddable":true,"href":"https:\/\/www.locoxelrojo.com\/independiente\/wp-json\/wp\/v2\/comments?post=112938"}],"version-history":[{"count":1,"href":"https:\/\/www.locoxelrojo.com\/independiente\/wp-json\/wp\/v2\/posts\/112938\/revisions"}],"predecessor-version":[{"id":112940,"href":"https:\/\/www.locoxelrojo.com\/independiente\/wp-json\/wp\/v2\/posts\/112938\/revisions\/112940"}],"wp:featuredmedia":[{"embeddable":true,"href":"https:\/\/www.locoxelrojo.com\/independiente\/wp-json\/wp\/v2\/media\/112939"}],"wp:attachment":[{"href":"https:\/\/www.locoxelrojo.com\/independiente\/wp-json\/wp\/v2\/media?parent=112938"}],"wp:term":[{"taxonomy":"category","embeddable":true,"href":"https:\/\/www.locoxelrojo.com\/independiente\/wp-json\/wp\/v2\/categories?post=112938"},{"taxonomy":"post_tag","embeddable":true,"href":"https:\/\/www.locoxelrojo.com\/independiente\/wp-json\/wp\/v2\/tags?post=112938"}],"curies":[{"name":"wp","href":"https:\/\/api.w.org\/{rel}","templated":true}]}}