{"id":11296,"date":"2011-09-23T15:03:41","date_gmt":"2011-09-23T18:03:41","guid":{"rendered":"http:\/\/www.locoxelrojo.com.ar\/independiente\/?p=11296"},"modified":"2011-09-23T15:03:41","modified_gmt":"2011-09-23T18:03:41","slug":"sigue-rotando","status":"publish","type":"post","link":"https:\/\/www.locoxelrojo.com\/independiente\/2011\/09\/23\/sigue-rotando\/","title":{"rendered":"Sigue rotando"},"content":{"rendered":"<p><a href=\"http:\/\/www.locoxelrojo.com.ar\/independiente\/wp-content\/uploads\/2011\/09\/hilarionavarro.jpg\"><img loading=\"lazy\" class=\"alignnone size-full wp-image-11297\" title=\"hilarionavarro\" src=\"http:\/\/www.locoxelrojo.com.ar\/independiente\/wp-content\/uploads\/2011\/09\/hilarionavarro.jpg\" alt=\"\" width=\"590\" height=\"315\" srcset=\"https:\/\/locoxelrojo.com\/independiente\/wp-content\/uploads\/2011\/09\/hilarionavarro.jpg 590w, https:\/\/locoxelrojo.com\/independiente\/wp-content\/uploads\/2011\/09\/hilarionavarro-300x160.jpg 300w\" sizes=\"(max-width: 590px) 100vw, 590px\" \/><\/a><\/p>\n<p>Ram\u00f3n D\u00edaz dio a conocer una nueva lista de concentrados para el partido que se disputar\u00e1 frente a V\u00e9lez el domingo a las 11 de la ma\u00f1ana en el\u00a0 Libertadores de Am\u00e9rica. M\u00e1s all\u00e1 de las vueltas de Eduardo Tuzzio, Maximiliano Vel\u00e1zquez e Iv\u00e1n V\u00e9lez; Fabi\u00e1n Assmann, Carlos Matheu y Adri\u00e1n Argach\u00e1 quedaron afuera por lesiones.<\/p>\n<p>Los primeros dos tienen sobrecargas musculares; el uruguayo, en cambio, recibi\u00f3 buenas novedades. Lo que hasta ayer era una fisura en uno de los dedos en su pie izquierdo, hoy es solo un fuerte golpe.<\/p>\n<p><em><strong>A continuaci\u00f3n, la lista completa:<\/strong><\/em><\/p>\n<p><strong>Arqueros: <\/strong>Hilario Navarro y Adri\u00e1n Gabbarini.<br \/>\n<strong>Defensores:<\/strong> Juli\u00e1n Vel\u00e1zquez, Maximiliano Vel\u00e1zquez, Eduardo Tuzzio, Gabriel Milito, Leonel Galeano, Iv\u00e1n V\u00e9lez.<br \/>\n<strong>Volantes:<\/strong> Osmar Ferreyra, Iv\u00e1n P\u00e9rez, Cristian Pellerano, Walter Busse, Nicol\u00e1s Delmonte, Fernando Godoy.<br \/>\n<strong>Delanteros: <\/strong>Mat\u00edas Defederico, Marco P\u00e9rez, Facundo Parra, Leonel N\u00fa\u00f1ez, Brian Nieva.<\/p>\n","protected":false},"excerpt":{"rendered":"<p>Ram\u00f3n D\u00edaz dio a conocer una nueva lista de concentrados para el partido que se disputar\u00e1 frente a V\u00e9lez el domingo a las 11 de la ma\u00f1ana en el\u00a0 Libertadores de Am\u00e9rica. M\u00e1s all\u00e1 de las vueltas de Eduardo Tuzzio, Maximiliano Vel\u00e1zquez e Iv\u00e1n V\u00e9lez; Fabi\u00e1n Assmann, Carlos Matheu y Adri\u00e1n Argach\u00e1 quedaron afuera por [&hellip;]<\/p>\n","protected":false},"author":1,"featured_media":0,"comment_status":"open","ping_status":"open","sticky":false,"template":"","format":"standard","meta":{"_links_to":"","_links_to_target":""},"categories":[3,1],"tags":[153,135,412,154,500],"_links":{"self":[{"href":"https:\/\/www.locoxelrojo.com\/independiente\/wp-json\/wp\/v2\/posts\/11296"}],"collection":[{"href":"https:\/\/www.locoxelrojo.com\/independiente\/wp-json\/wp\/v2\/posts"}],"about":[{"href":"https:\/\/www.locoxelrojo.com\/independiente\/wp-json\/wp\/v2\/types\/post"}],"author":[{"embeddable":true,"href":"https:\/\/www.locoxelrojo.com\/independiente\/wp-json\/wp\/v2\/users\/1"}],"replies":[{"embeddable":true,"href":"https:\/\/www.locoxelrojo.com\/independiente\/wp-json\/wp\/v2\/comments?post=11296"}],"version-history":[{"count":0,"href":"https:\/\/www.locoxelrojo.com\/independiente\/wp-json\/wp\/v2\/posts\/11296\/revisions"}],"wp:attachment":[{"href":"https:\/\/www.locoxelrojo.com\/independiente\/wp-json\/wp\/v2\/media?parent=11296"}],"wp:term":[{"taxonomy":"category","embeddable":true,"href":"https:\/\/www.locoxelrojo.com\/independiente\/wp-json\/wp\/v2\/categories?post=11296"},{"taxonomy":"post_tag","embeddable":true,"href":"https:\/\/www.locoxelrojo.com\/independiente\/wp-json\/wp\/v2\/tags?post=11296"}],"curies":[{"name":"wp","href":"https:\/\/api.w.org\/{rel}","templated":true}]}}