{"id":112992,"date":"2023-05-27T16:41:48","date_gmt":"2023-05-27T19:41:48","guid":{"rendered":"https:\/\/www.locoxelrojo.com\/independiente\/?p=112992"},"modified":"2023-05-27T16:41:48","modified_gmt":"2023-05-27T19:41:48","slug":"la-reserva-cayo-en-la-fortaleza","status":"publish","type":"post","link":"https:\/\/www.locoxelrojo.com\/independiente\/2023\/05\/27\/la-reserva-cayo-en-la-fortaleza\/","title":{"rendered":"La Reserva cay\u00f3 en La Fortaleza"},"content":{"rendered":"<p><strong>La Reserva de Independiente perdi\u00f3 1-0 con Lan\u00fas<\/strong> en condici\u00f3n de visitante, por la fecha 18 del Torneo Proyecci\u00f3n.<\/p>\n<p>El conjunto de Pedro Monz\u00f3n sali\u00f3 a la cancha con: <strong>Manuel Tasso; Mateo Alberca, Axel Poza, Agust\u00edn Quiroga, Enzo Franco; Javier Ruiz, Justo D&#8217;Angelo, Franco Romero; Joel Gonz\u00e1lez, Juli\u00e1n Romero y Bernardo Lorenzetti<\/strong>.<\/p>\n<p>Durante la primera parte, el Rojo y el Granate no se sacaron diferencias. Todo cambiar\u00eda en el complemento. <strong>A los 6&#8242; del segundo tiempo, D&#8217;Angelo vio la roja en Independiente y minutos m\u00e1s tarde, Gonz\u00e1lez marc\u00f3 el 1-0 para los locales.<\/strong><\/p>\n<blockquote class=\"twitter-tweet\">\n<p dir=\"ltr\" lang=\"es\">\u231b Final del partido para la Reserva<\/p>\n<p>Lan\u00fas 1 \u2013 0 <a href=\"https:\/\/twitter.com\/hashtag\/Independiente?src=hash&amp;ref_src=twsrc%5Etfw\">#Independiente<\/a><a href=\"https:\/\/twitter.com\/hashtag\/TorneoProyecci%C3%B3n?src=hash&amp;ref_src=twsrc%5Etfw\">#TorneoProyecci\u00f3n<\/a> <a href=\"https:\/\/t.co\/Vh21UCwj5f\">pic.twitter.com\/Vh21UCwj5f<\/a><\/p>\n<p>\u2014 C. A. Independiente (@Independiente) <a href=\"https:\/\/twitter.com\/Independiente\/status\/1662488048200826883?ref_src=twsrc%5Etfw\">May 27, 2023<\/a><\/p><\/blockquote>\n<p><script async src=\"https:\/\/platform.twitter.com\/widgets.js\" charset=\"utf-8\"><\/script><\/p>\n<p>Fue derrota para el equipo del Moncho, <strong>que acumula 29 puntos en el campeonato<\/strong> y se aleja cada vez m\u00e1s de los primero puestos. La pr\u00f3xima jornada recibir\u00e1 a Godoy Cruz.<\/p>\n","protected":false},"excerpt":{"rendered":"<p>La Reserva de Independiente perdi\u00f3 1-0 con Lan\u00fas en condici\u00f3n de visitante, por la fecha 18 del Torneo Proyecci\u00f3n. El conjunto de Pedro Monz\u00f3n sali\u00f3 a la cancha con: Manuel Tasso; Mateo Alberca, Axel Poza, Agust\u00edn Quiroga, Enzo Franco; Javier Ruiz, Justo D&#8217;Angelo, Franco Romero; Joel Gonz\u00e1lez, Juli\u00e1n Romero y Bernardo Lorenzetti. Durante la primera [&hellip;]<\/p>\n","protected":false},"author":1,"featured_media":112993,"comment_status":"open","ping_status":"closed","sticky":false,"template":"","format":"standard","meta":{"_links_to":"","_links_to_target":""},"categories":[3247,141],"tags":[5210,326,1742,231,5421],"_links":{"self":[{"href":"https:\/\/www.locoxelrojo.com\/independiente\/wp-json\/wp\/v2\/posts\/112992"}],"collection":[{"href":"https:\/\/www.locoxelrojo.com\/independiente\/wp-json\/wp\/v2\/posts"}],"about":[{"href":"https:\/\/www.locoxelrojo.com\/independiente\/wp-json\/wp\/v2\/types\/post"}],"author":[{"embeddable":true,"href":"https:\/\/www.locoxelrojo.com\/independiente\/wp-json\/wp\/v2\/users\/1"}],"replies":[{"embeddable":true,"href":"https:\/\/www.locoxelrojo.com\/independiente\/wp-json\/wp\/v2\/comments?post=112992"}],"version-history":[{"count":1,"href":"https:\/\/www.locoxelrojo.com\/independiente\/wp-json\/wp\/v2\/posts\/112992\/revisions"}],"predecessor-version":[{"id":112994,"href":"https:\/\/www.locoxelrojo.com\/independiente\/wp-json\/wp\/v2\/posts\/112992\/revisions\/112994"}],"wp:featuredmedia":[{"embeddable":true,"href":"https:\/\/www.locoxelrojo.com\/independiente\/wp-json\/wp\/v2\/media\/112993"}],"wp:attachment":[{"href":"https:\/\/www.locoxelrojo.com\/independiente\/wp-json\/wp\/v2\/media?parent=112992"}],"wp:term":[{"taxonomy":"category","embeddable":true,"href":"https:\/\/www.locoxelrojo.com\/independiente\/wp-json\/wp\/v2\/categories?post=112992"},{"taxonomy":"post_tag","embeddable":true,"href":"https:\/\/www.locoxelrojo.com\/independiente\/wp-json\/wp\/v2\/tags?post=112992"}],"curies":[{"name":"wp","href":"https:\/\/api.w.org\/{rel}","templated":true}]}}