{"id":11302,"date":"2011-09-23T15:38:24","date_gmt":"2011-09-23T18:38:24","guid":{"rendered":"http:\/\/www.locoxelrojo.com.ar\/independiente\/?p=11302"},"modified":"2011-09-23T15:38:24","modified_gmt":"2011-09-23T18:38:24","slug":"assmann-espero-que-la-lesion-no-sea-seria","status":"publish","type":"post","link":"https:\/\/www.locoxelrojo.com\/independiente\/2011\/09\/23\/assmann-espero-que-la-lesion-no-sea-seria\/","title":{"rendered":"Assmann: &#8220;Espero que la lesi\u00f3n no sea seria&#8221;"},"content":{"rendered":"<p><a href=\"http:\/\/www.locoxelrojo.com.ar\/independiente\/wp-content\/uploads\/2011\/09\/fabian_Assmann.jpg\"><img loading=\"lazy\" class=\"alignnone size-full wp-image-11303\" title=\"fabian_Assmann\" src=\"http:\/\/www.locoxelrojo.com.ar\/independiente\/wp-content\/uploads\/2011\/09\/fabian_Assmann.jpg\" alt=\"\" width=\"590\" height=\"315\" srcset=\"https:\/\/locoxelrojo.com\/independiente\/wp-content\/uploads\/2011\/09\/fabian_Assmann.jpg 590w, https:\/\/locoxelrojo.com\/independiente\/wp-content\/uploads\/2011\/09\/fabian_Assmann-300x160.jpg 300w\" sizes=\"(max-width: 590px) 100vw, 590px\" \/><\/a><\/p>\n<p><strong>Fabi\u00e1n Assmann<\/strong> dialog\u00f3 con <strong>Un Buen Momento <\/strong>por <strong>Radio La Red<\/strong> y confirm\u00f3 su molestia muscular. De todas formas, pretende estar frente a Liga de Quito. <strong>&#8220;Termin\u00e9 con una molestia en el aductor y ayer estaba bastante bien, hoy se me baj\u00f3 al posterior. Es una peque\u00f1a contractura, el tiempo de descanso es corto y se vienen tres partidos. Por eso descanso<\/strong>&#8220;, aclar\u00f3 el arquero.<\/p>\n<p>Luego a\u00f1adi\u00f3: <strong>&#8220;estoy con bronca, espero que la lesi\u00f3n no sea seria. El posterior y el aductor siempre se me cargan despu\u00e9s de los partidos. Esperemos que no haya nada para poder jugar en Quito&#8221;.<\/strong> Respecto al partido frente a Rafaela, Assmann entendi\u00f3 que fue el mejor partido de Milito desde que lleg\u00f3. Adem\u00e1s, vio un medio campo en donde <strong>&#8220;Pelle y Godoy se manejaron bien&#8221;.<\/strong><\/p>\n<p><strong>&#8220;Nos dio confianza el gol r\u00e1pido. Braca pudo meter la que tuvo, hac\u00eda bastante que no termin\u00e1bamos un primer tiempo con esa amplitud. En el segundo tiempo salimos a cuidar el resultado pero hubo entrega en todo el partido. Ya sab\u00edamos cu\u00e1l era la presi\u00f3n de los malos resultados. El equipo sin darse cuenta se fue metiendo atr\u00e1s. Gracias a Dios pude responder y sirvi\u00f3 para que el equipo gane, la defensa estuvo muy s\u00f3lida&#8221;<\/strong>, agreg\u00f3.<\/p>\n<p>Por \u00faltimo se refiri\u00f3 a la ida de Mohamed y a la llegada de Ram\u00f3n.<strong> &#8220;He tenido muchas Charlas con el Turco y con Donelli, el arquero de ellos era Hilario por lo que demostr\u00f3. Tuvo la mala suerte de lesionarse, me toc\u00f3 entrar y lo hice bien. El t\u00e9cnico me hizo saber la duda cuando viajamos a la final contra el Inter. El hizo esfuerzo para que me quede&#8221;<\/strong>, reconoci\u00f3.<\/p>\n<p>Sobre la llegada de Ram\u00f3n consider\u00f3 que <strong>&#8220;cuando no se dan las cosas se empieza a ver todo mal y a lo mejor necesitas un cambio. A m\u00ed me doli\u00f3 que se fuera el Turco por la relaci\u00f3n que ten\u00edamos. Ram\u00f3n tiene mucha presencia y mete mucho respeto. Es un t\u00e9cnico con el que se puede hablar, con mucha experiencia y hay que aprovecharlo al m\u00e1ximo<\/strong>&#8220;, concluy\u00f3.<\/p>\n","protected":false},"excerpt":{"rendered":"<p>Fabi\u00e1n Assmann dialog\u00f3 con Un Buen Momento por Radio La Red y confirm\u00f3 su molestia muscular. De todas formas, pretende estar frente a Liga de Quito. &#8220;Termin\u00e9 con una molestia en el aductor y ayer estaba bastante bien, hoy se me baj\u00f3 al posterior. Es una peque\u00f1a contractura, el tiempo de descanso es corto y [&hellip;]<\/p>\n","protected":false},"author":1,"featured_media":0,"comment_status":"open","ping_status":"open","sticky":false,"template":"","format":"standard","meta":{"_links_to":"","_links_to_target":""},"categories":[3,1],"tags":[115,153,78,76,500],"_links":{"self":[{"href":"https:\/\/www.locoxelrojo.com\/independiente\/wp-json\/wp\/v2\/posts\/11302"}],"collection":[{"href":"https:\/\/www.locoxelrojo.com\/independiente\/wp-json\/wp\/v2\/posts"}],"about":[{"href":"https:\/\/www.locoxelrojo.com\/independiente\/wp-json\/wp\/v2\/types\/post"}],"author":[{"embeddable":true,"href":"https:\/\/www.locoxelrojo.com\/independiente\/wp-json\/wp\/v2\/users\/1"}],"replies":[{"embeddable":true,"href":"https:\/\/www.locoxelrojo.com\/independiente\/wp-json\/wp\/v2\/comments?post=11302"}],"version-history":[{"count":0,"href":"https:\/\/www.locoxelrojo.com\/independiente\/wp-json\/wp\/v2\/posts\/11302\/revisions"}],"wp:attachment":[{"href":"https:\/\/www.locoxelrojo.com\/independiente\/wp-json\/wp\/v2\/media?parent=11302"}],"wp:term":[{"taxonomy":"category","embeddable":true,"href":"https:\/\/www.locoxelrojo.com\/independiente\/wp-json\/wp\/v2\/categories?post=11302"},{"taxonomy":"post_tag","embeddable":true,"href":"https:\/\/www.locoxelrojo.com\/independiente\/wp-json\/wp\/v2\/tags?post=11302"}],"curies":[{"name":"wp","href":"https:\/\/api.w.org\/{rel}","templated":true}]}}