{"id":113251,"date":"2023-06-08T20:38:10","date_gmt":"2023-06-08T23:38:10","guid":{"rendered":"https:\/\/www.locoxelrojo.com\/independiente\/?p=113251"},"modified":"2023-06-08T21:02:34","modified_gmt":"2023-06-09T00:02:34","slug":"concentrados-vs-sarmiento-dos-regresos-y-dos-bajas-importantes","status":"publish","type":"post","link":"https:\/\/www.locoxelrojo.com\/independiente\/2023\/06\/08\/concentrados-vs-sarmiento-dos-regresos-y-dos-bajas-importantes\/","title":{"rendered":"Concentrados vs. Sarmiento: dos regresos y dos bajas importantes"},"content":{"rendered":"<p><strong>Ricardo Zielinski confirm\u00f3 la lista de concentrados de Independiente para el partido con Sarmiento, por la fecha 20 de la Liga Profesional.<\/strong><\/p>\n<p>La gran novedad de la n\u00f3mina pasa por<strong> los regresos de Iv\u00e1n Marcone y Agust\u00edn Mulet<\/strong>, quienes se hab\u00edan perdido varios partidos por distintas lesiones. El capit\u00e1n logr\u00f3 dejar atr\u00e1s un desgarro que sufri\u00f3 el pasado 10 de mayo y ser\u00e1 titular ante el Verde.<\/p>\n<p>Por otra parte, la lista presenta<strong> dos bajas: Joaqu\u00edn Laso y Mauricio Cuero<\/strong>. En el caso del defensor, desde el club informaron que <strong>&#8220;se reabri\u00f3 el corte en la rodilla derecha&#8221;<\/strong> que hab\u00eda sufrido en el partido contra Lan\u00fas.<\/p>\n<p><strong> La ausencia de Cuero, en cambio, no se debe a una lesi\u00f3n sino a una decisi\u00f3n futbol\u00edstica<\/strong> del cuerpo t\u00e9cnico. Zielinski ve a otros jugadores en un mejor momento y por eso no convoc\u00f3 al colombiano.<\/p>\n<p><span style=\"color: #111111; font-family: Roboto, sans-serif; font-size: 27px;\">Los 23 concentrados<\/span><\/p>\n<p><strong>Arqueros:<\/strong> Diego Segovia y Rodrigo Rey.<\/p>\n<p><strong>Defensores:<\/strong> Edgar Elizalde, Patricio Ostachuk, Javier B\u00e1ez, Dami\u00e1n P\u00e9rez, Luciano G\u00f3mez y Ayrton Costa.<\/p>\n<p><strong>Mediocampistas:<\/strong> Agust\u00edn Mulet, Kevin L\u00f3pez, Juan Cazares, Mart\u00edn Sarrafiore, Iv\u00e1n Marcone, Sergio Ort\u00edz, Baltasar Barcia, Rodrigo Atencio y David Mart\u00ednez.<\/p>\n<p><strong>Delanteros:<\/strong> Mart\u00edn Cauteruccio, Santiago Hidalgo, Nicol\u00e1s Vallejo, Braian Mart\u00ednez, Mat\u00edas Gim\u00e9nez y Santiago L\u00f3pez.<\/p>\n<blockquote class=\"twitter-tweet\" data-width=\"550\" data-dnt=\"true\">\n<p lang=\"es\" dir=\"ltr\">\ud83d\udccb Estos son los 23 concentrados para recibir a Sarmiento en el LDA Ricardo Enrique Bochini.<a href=\"https:\/\/twitter.com\/hashtag\/TodoRojo?src=hash&amp;ref_src=twsrc%5Etfw\">#TodoRojo<\/a> \ud83d\udd34 <a href=\"https:\/\/t.co\/5NKTbcXtBK\">pic.twitter.com\/5NKTbcXtBK<\/a><\/p>\n<p>&mdash; C. A. Independiente (@Independiente) <a href=\"https:\/\/twitter.com\/Independiente\/status\/1666909730990616582?ref_src=twsrc%5Etfw\">June 8, 2023<\/a><\/p><\/blockquote>\n<p><script async src=\"https:\/\/platform.twitter.com\/widgets.js\" charset=\"utf-8\"><\/script><\/p>\n","protected":false},"excerpt":{"rendered":"<p>Ricardo Zielinski confirm\u00f3 la lista de concentrados de Independiente para el partido con Sarmiento, por la fecha 20 de la Liga Profesional. La gran novedad de la n\u00f3mina pasa por los regresos de Iv\u00e1n Marcone y Agust\u00edn Mulet, quienes se hab\u00edan perdido varios partidos por distintas lesiones. El capit\u00e1n logr\u00f3 dejar atr\u00e1s un desgarro que [&hellip;]<\/p>\n","protected":false},"author":8,"featured_media":112277,"comment_status":"open","ping_status":"closed","sticky":false,"template":"","format":"standard","meta":{"_links_to":"","_links_to_target":""},"categories":[3247,3],"tags":[5328,153,2024,3078,2729,4923,5320],"_links":{"self":[{"href":"https:\/\/www.locoxelrojo.com\/independiente\/wp-json\/wp\/v2\/posts\/113251"}],"collection":[{"href":"https:\/\/www.locoxelrojo.com\/independiente\/wp-json\/wp\/v2\/posts"}],"about":[{"href":"https:\/\/www.locoxelrojo.com\/independiente\/wp-json\/wp\/v2\/types\/post"}],"author":[{"embeddable":true,"href":"https:\/\/www.locoxelrojo.com\/independiente\/wp-json\/wp\/v2\/users\/8"}],"replies":[{"embeddable":true,"href":"https:\/\/www.locoxelrojo.com\/independiente\/wp-json\/wp\/v2\/comments?post=113251"}],"version-history":[{"count":1,"href":"https:\/\/www.locoxelrojo.com\/independiente\/wp-json\/wp\/v2\/posts\/113251\/revisions"}],"predecessor-version":[{"id":113252,"href":"https:\/\/www.locoxelrojo.com\/independiente\/wp-json\/wp\/v2\/posts\/113251\/revisions\/113252"}],"wp:featuredmedia":[{"embeddable":true,"href":"https:\/\/www.locoxelrojo.com\/independiente\/wp-json\/wp\/v2\/media\/112277"}],"wp:attachment":[{"href":"https:\/\/www.locoxelrojo.com\/independiente\/wp-json\/wp\/v2\/media?parent=113251"}],"wp:term":[{"taxonomy":"category","embeddable":true,"href":"https:\/\/www.locoxelrojo.com\/independiente\/wp-json\/wp\/v2\/categories?post=113251"},{"taxonomy":"post_tag","embeddable":true,"href":"https:\/\/www.locoxelrojo.com\/independiente\/wp-json\/wp\/v2\/tags?post=113251"}],"curies":[{"name":"wp","href":"https:\/\/api.w.org\/{rel}","templated":true}]}}