{"id":113339,"date":"2023-06-12T23:30:49","date_gmt":"2023-06-13T02:30:49","guid":{"rendered":"https:\/\/www.locoxelrojo.com\/independiente\/?p=113339"},"modified":"2023-06-13T03:51:04","modified_gmt":"2023-06-13T06:51:04","slug":"seoane-el-presidente-tendria-que-ser-grindetti-yo-quiero-que-siga","status":"publish","type":"post","link":"https:\/\/www.locoxelrojo.com\/independiente\/2023\/06\/12\/seoane-el-presidente-tendria-que-ser-grindetti-yo-quiero-que-siga\/","title":{"rendered":"Seoane: &#8220;El presidente tendr\u00eda que ser Grindetti, yo quiero que siga&#8221;"},"content":{"rendered":"<p>El secretario general de Independiente, <strong>Daniel Seoane<\/strong>, manifest\u00f3 su apoyo a <strong>N\u00e9stor Grindetti<\/strong> para que siga como presidente.<\/p>\n<p><a href=\"https:\/\/www.locoxelrojo.com\/independiente\/2023\/06\/02\/hay-fecha-para-elegir-al-presidente\/\">El pr\u00f3ximo 6 de julio, se llevar\u00e1 a cabo la asamblea<\/a> para determinar qui\u00e9n continuar\u00e1 con el mandato que dej\u00f3 vacante Fabi\u00e1n Doman. Grindetti asumi\u00f3 de manera interina y tendr\u00e1n que decidir si lo confirman como m\u00e1xima autoridad o si eligen a otro presidente.<\/p>\n<p>Por ahora, todo indica que el exintendente de Lan\u00fas seguir\u00e1 en el cargo. Al menos eso dan a entender algunos miembros de la Comisi\u00f3n Directiva. Uno de ellos fue Seoane, quien expres\u00f3 p\u00fablicamente su apoyo a Grindetti. <strong>&#8220;Yo quiero que siga N\u00e9stor. Est\u00e1 pol\u00edticamente con algo muy importante para su carrera, pero desde que se fue Fabi\u00e1n y asumi\u00f3 \u00e9l interinamente, venimos trabajando muy bien y en conjunto. Si podemos seguir trabajando as\u00ed, no habr\u00eda ning\u00fan tipo de problema&#8221;<\/strong>, dijo en charla con <em>M\u00e1s Rojo<\/em>.<\/p>\n<p>L\u00f3gicamente, la duda pasa por la precandidatura de Grindetti a gobernador de la Provincia de Buenos Aires. Seoane dio su punto de vista al respecto:<strong> &#8220;Si N\u00e9stor llega a ser gobernador, ah\u00ed estamos hablando de otra cosa, pero con lo que est\u00e1 pasando hoy y con la asamblea del 6 de julio, el presidente tendr\u00eda que ser \u00e9l&#8221;<\/strong>.<\/p>\n<p>Asimismo, el secretario general remarc\u00f3 que quien sea elegido, deber\u00e1 dedicarle al club el tiempo que requiere conducir a una instituci\u00f3n tan grande.<strong> &#8220;Cualquiera de nosotros estar\u00eda en condiciones de ser presidente. Al que le toque ser, tiene que asumir la responsabilidad y sacar esto adelante&#8221;<\/strong>, sostuvo, y subray\u00f3 que cada dirigente aportar\u00e1 lo suyo: <strong>&#8220;Esto es un grupo de trabajo y por eso hoy se ve un club ordenado&#8221;<\/strong>.<\/p>\n","protected":false},"excerpt":{"rendered":"<p>El secretario general de Independiente, Daniel Seoane, manifest\u00f3 su apoyo a N\u00e9stor Grindetti para que siga como presidente. El pr\u00f3ximo 6 de julio, se llevar\u00e1 a cabo la asamblea para determinar qui\u00e9n continuar\u00e1 con el mandato que dej\u00f3 vacante Fabi\u00e1n Doman. Grindetti asumi\u00f3 de manera interina y tendr\u00e1n que decidir si lo confirman como m\u00e1xima [&hellip;]<\/p>\n","protected":false},"author":8,"featured_media":113341,"comment_status":"open","ping_status":"closed","sticky":false,"template":"","format":"standard","meta":{"_links_to":"","_links_to_target":""},"categories":[3280,3247],"tags":[153,1793,1455],"_links":{"self":[{"href":"https:\/\/www.locoxelrojo.com\/independiente\/wp-json\/wp\/v2\/posts\/113339"}],"collection":[{"href":"https:\/\/www.locoxelrojo.com\/independiente\/wp-json\/wp\/v2\/posts"}],"about":[{"href":"https:\/\/www.locoxelrojo.com\/independiente\/wp-json\/wp\/v2\/types\/post"}],"author":[{"embeddable":true,"href":"https:\/\/www.locoxelrojo.com\/independiente\/wp-json\/wp\/v2\/users\/8"}],"replies":[{"embeddable":true,"href":"https:\/\/www.locoxelrojo.com\/independiente\/wp-json\/wp\/v2\/comments?post=113339"}],"version-history":[{"count":1,"href":"https:\/\/www.locoxelrojo.com\/independiente\/wp-json\/wp\/v2\/posts\/113339\/revisions"}],"predecessor-version":[{"id":113340,"href":"https:\/\/www.locoxelrojo.com\/independiente\/wp-json\/wp\/v2\/posts\/113339\/revisions\/113340"}],"wp:featuredmedia":[{"embeddable":true,"href":"https:\/\/www.locoxelrojo.com\/independiente\/wp-json\/wp\/v2\/media\/113341"}],"wp:attachment":[{"href":"https:\/\/www.locoxelrojo.com\/independiente\/wp-json\/wp\/v2\/media?parent=113339"}],"wp:term":[{"taxonomy":"category","embeddable":true,"href":"https:\/\/www.locoxelrojo.com\/independiente\/wp-json\/wp\/v2\/categories?post=113339"},{"taxonomy":"post_tag","embeddable":true,"href":"https:\/\/www.locoxelrojo.com\/independiente\/wp-json\/wp\/v2\/tags?post=113339"}],"curies":[{"name":"wp","href":"https:\/\/api.w.org\/{rel}","templated":true}]}}