{"id":113342,"date":"2023-06-13T09:32:28","date_gmt":"2023-06-13T12:32:28","guid":{"rendered":"https:\/\/www.locoxelrojo.com\/independiente\/?p=113342"},"modified":"2023-06-13T09:32:28","modified_gmt":"2023-06-13T12:32:28","slug":"comienza-a-pensar-en-el-rearmado-del-plantel","status":"publish","type":"post","link":"https:\/\/www.locoxelrojo.com\/independiente\/2023\/06\/13\/comienza-a-pensar-en-el-rearmado-del-plantel\/","title":{"rendered":"Comienza a pensar en el rearmado del plantel"},"content":{"rendered":"<p><strong>Los dirigentes junto a Ricardo Zielinski comienzan a pensar en el rearmado del nuevo plantel de Independiente.<\/strong><\/p>\n<p>A\u00fan faltan algunas fechas para que finalice la Liga Profesional, pero el mercado de pases est\u00e1 a la vuelta de la esquina e <strong>Independiente tiene que seguir reconstruyendo el grupo con el que trabajar\u00e1 el Ruso a partir del pr\u00f3ximo semestre. <\/strong><\/p>\n<p>En di\u00e1logo con M\u00e1s Rojo, <strong>Daniel Seoane<\/strong>, secretario general, cont\u00f3 c\u00f3mo se llevar\u00e1 adelante ese proceso. <strong>&#8220;No hemos tenido suerte en el f\u00fatbol, estamos construyendo el plantel y esto no es de un d\u00eda para el otro. Tuvimos que levantar 2.500.000 d\u00f3lares en inhibiciones y a los jugadores se les deb\u00edan 5 meses y nadie quer\u00eda venir a jugar\u00e1 ac\u00e1, por eso, decidimos invertir en jugadores con proyecci\u00f3n&#8221;<\/strong>, explic\u00f3. <strong>&#8220;Estamos trabajando con el Ruso y Pablo Cavallero para traer jugadores. Vamos a dar los nombres cuando los contratemos&#8221;<\/strong>, sum\u00f3.<\/p>\n<p><strong>&#8220;Nosotros tenemos que armar un equipo para cumplir el objetivo nuestro, que salir campeones. Por eso, tenemos que traer jugadores para que ayuden con ese objetivo&#8221;<\/strong>, expres\u00f3. Y cerr\u00f3: <strong>&#8220;Para salir campe\u00f3n debemos traer refuerzos de jerarqu\u00eda. Campe\u00f3n sale uno solo, y eso es l\u00f3gico, pero tenemos que buscar llegar a lo m\u00e1s alto&#8221;<\/strong>.<\/p>\n","protected":false},"excerpt":{"rendered":"<p>Los dirigentes junto a Ricardo Zielinski comienzan a pensar en el rearmado del nuevo plantel de Independiente. A\u00fan faltan algunas fechas para que finalice la Liga Profesional, pero el mercado de pases est\u00e1 a la vuelta de la esquina e Independiente tiene que seguir reconstruyendo el grupo con el que trabajar\u00e1 el Ruso a partir [&hellip;]<\/p>\n","protected":false},"author":1,"featured_media":113343,"comment_status":"open","ping_status":"closed","sticky":false,"template":"","format":"standard","meta":{"_links_to":"","_links_to_target":""},"categories":[3280,3247],"tags":[153,1793,2084],"_links":{"self":[{"href":"https:\/\/www.locoxelrojo.com\/independiente\/wp-json\/wp\/v2\/posts\/113342"}],"collection":[{"href":"https:\/\/www.locoxelrojo.com\/independiente\/wp-json\/wp\/v2\/posts"}],"about":[{"href":"https:\/\/www.locoxelrojo.com\/independiente\/wp-json\/wp\/v2\/types\/post"}],"author":[{"embeddable":true,"href":"https:\/\/www.locoxelrojo.com\/independiente\/wp-json\/wp\/v2\/users\/1"}],"replies":[{"embeddable":true,"href":"https:\/\/www.locoxelrojo.com\/independiente\/wp-json\/wp\/v2\/comments?post=113342"}],"version-history":[{"count":1,"href":"https:\/\/www.locoxelrojo.com\/independiente\/wp-json\/wp\/v2\/posts\/113342\/revisions"}],"predecessor-version":[{"id":113344,"href":"https:\/\/www.locoxelrojo.com\/independiente\/wp-json\/wp\/v2\/posts\/113342\/revisions\/113344"}],"wp:featuredmedia":[{"embeddable":true,"href":"https:\/\/www.locoxelrojo.com\/independiente\/wp-json\/wp\/v2\/media\/113343"}],"wp:attachment":[{"href":"https:\/\/www.locoxelrojo.com\/independiente\/wp-json\/wp\/v2\/media?parent=113342"}],"wp:term":[{"taxonomy":"category","embeddable":true,"href":"https:\/\/www.locoxelrojo.com\/independiente\/wp-json\/wp\/v2\/categories?post=113342"},{"taxonomy":"post_tag","embeddable":true,"href":"https:\/\/www.locoxelrojo.com\/independiente\/wp-json\/wp\/v2\/tags?post=113342"}],"curies":[{"name":"wp","href":"https:\/\/api.w.org\/{rel}","templated":true}]}}