{"id":113375,"date":"2023-06-15T19:18:01","date_gmt":"2023-06-15T22:18:01","guid":{"rendered":"https:\/\/www.locoxelrojo.com\/independiente\/?p=113375"},"modified":"2023-06-17T09:24:08","modified_gmt":"2023-06-17T12:24:08","slug":"el-9-de-la-reserva-se-va-para-tristan-suarez","status":"publish","type":"post","link":"https:\/\/www.locoxelrojo.com\/independiente\/2023\/06\/15\/el-9-de-la-reserva-se-va-para-tristan-suarez\/","title":{"rendered":"El 9 de la Reserva se va para Trist\u00e1n Su\u00e1rez"},"content":{"rendered":"<p>El mercado de pases comenz\u00f3 a moverse en <strong>Independiente<\/strong> y uno de los futbolistas que primero se marcha es <strong>Santiago Ayala<\/strong>, el centrodelantero de la Reserva que pasar\u00e1 a <strong>pr\u00e9stamo a Trist\u00e1n Su\u00e1rez hasta diciembre de 2024<\/strong>.<\/p>\n<p>El <a href=\"https:\/\/www.locoxelrojo.com\/independiente\/2023\/06\/13\/comienza-a-pensar-en-el-rearmado-del-plantel\/\">rearmado del plantel para el pr\u00f3ximo semestre<\/a> es uno de los aspectos que m\u00e1s preocupa a Ricardo Zielinski y a la Comisi\u00f3n Directiva. <strong>Desde el club hab\u00edan advertido a algunos chicos que la idea era cederlos para que sumen rodaje, minutos y tengan la posibilidad de volver con m\u00e1s experiencia al Rojo<\/strong>.<\/p>\n<p>Ayala es uno de ellos y en las \u00faltimas horas firm\u00f3 el v\u00ednculo que lo unir\u00e1 con el Lechero por los pr\u00f3ximos <strong>18 meses sin cargo ni opci\u00f3n<\/strong>. Adem\u00e1s, <strong>Independiente mantiene una cl\u00e1usula de repesca cada seis meses y el juvenil extendi\u00f3 su contrato hasta diciembre 2026<\/strong>.<\/p>\n<p>El delantero de 21 a\u00f1os hab\u00eda debutado con Claudio Graf en la derrota 1-0 contra Atl\u00e9tico Tucum\u00e1n en cancha de Platense, en julio del a\u00f1o pasado. <strong>En total suma 9 partidos en la Primera del Rojo sin haber convertido<\/strong>. Ser\u00e1 compa\u00f1ero de Juan Rom\u00e1n Zarza, tambi\u00e9n a pr\u00e9stamo en el conjunto de Ezeiza que milita en los \u00faltimos puestos de la Primera Nacional.<\/p>\n<p>&nbsp;<\/p>\n","protected":false},"excerpt":{"rendered":"<p>El mercado de pases comenz\u00f3 a moverse en Independiente y uno de los futbolistas que primero se marcha es Santiago Ayala, el centrodelantero de la Reserva que pasar\u00e1 a pr\u00e9stamo a Trist\u00e1n Su\u00e1rez hasta diciembre de 2024. El rearmado del plantel para el pr\u00f3ximo semestre es uno de los aspectos que m\u00e1s preocupa a Ricardo [&hellip;]<\/p>\n","protected":false},"author":19,"featured_media":113376,"comment_status":"open","ping_status":"closed","sticky":false,"template":"","format":"standard","meta":{"_links_to":"","_links_to_target":""},"categories":[3247,3],"tags":[153,3561,2179],"_links":{"self":[{"href":"https:\/\/www.locoxelrojo.com\/independiente\/wp-json\/wp\/v2\/posts\/113375"}],"collection":[{"href":"https:\/\/www.locoxelrojo.com\/independiente\/wp-json\/wp\/v2\/posts"}],"about":[{"href":"https:\/\/www.locoxelrojo.com\/independiente\/wp-json\/wp\/v2\/types\/post"}],"author":[{"embeddable":true,"href":"https:\/\/www.locoxelrojo.com\/independiente\/wp-json\/wp\/v2\/users\/19"}],"replies":[{"embeddable":true,"href":"https:\/\/www.locoxelrojo.com\/independiente\/wp-json\/wp\/v2\/comments?post=113375"}],"version-history":[{"count":3,"href":"https:\/\/www.locoxelrojo.com\/independiente\/wp-json\/wp\/v2\/posts\/113375\/revisions"}],"predecessor-version":[{"id":113403,"href":"https:\/\/www.locoxelrojo.com\/independiente\/wp-json\/wp\/v2\/posts\/113375\/revisions\/113403"}],"wp:featuredmedia":[{"embeddable":true,"href":"https:\/\/www.locoxelrojo.com\/independiente\/wp-json\/wp\/v2\/media\/113376"}],"wp:attachment":[{"href":"https:\/\/www.locoxelrojo.com\/independiente\/wp-json\/wp\/v2\/media?parent=113375"}],"wp:term":[{"taxonomy":"category","embeddable":true,"href":"https:\/\/www.locoxelrojo.com\/independiente\/wp-json\/wp\/v2\/categories?post=113375"},{"taxonomy":"post_tag","embeddable":true,"href":"https:\/\/www.locoxelrojo.com\/independiente\/wp-json\/wp\/v2\/tags?post=113375"}],"curies":[{"name":"wp","href":"https:\/\/api.w.org\/{rel}","templated":true}]}}