{"id":113379,"date":"2023-06-15T22:09:06","date_gmt":"2023-06-16T01:09:06","guid":{"rendered":"https:\/\/www.locoxelrojo.com\/independiente\/?p=113379"},"modified":"2023-06-17T09:22:16","modified_gmt":"2023-06-17T12:22:16","slug":"joel-gonzalez-buscara-minutos-en-nueva-chicago","status":"publish","type":"post","link":"https:\/\/www.locoxelrojo.com\/independiente\/2023\/06\/15\/joel-gonzalez-buscara-minutos-en-nueva-chicago\/","title":{"rendered":"Joel Gonz\u00e1lez buscar\u00e1 minutos en Nueva Chicago"},"content":{"rendered":"<p><strong>El mercado de pases ya empez\u00f3 e Independiente ya tiene dos bajas de cara al pr\u00f3ximo semestre. Tras <a href=\"https:\/\/www.locoxelrojo.com\/independiente\/2023\/06\/15\/el-9-de-la-reserva-se-va-para-tristan-suarez\/\">la salida de Santiago Ayala<\/a>, se suma Joel Gonz\u00e1lez, quien fue cedido a Nueva Chicago para que tenga rodaje y gane experiencia.<\/strong><\/p>\n<p>Esta tarde, el Torito de Mataderos oficializ\u00f3 la llegada de Gonz\u00e1lez<strong> a pr\u00e9stamo por 18 meses, sin cargo y con opci\u00f3n de compra<\/strong>. Adem\u00e1s, como en el caso de Ayala, el Rojo mantiene una cl\u00e1usula de repesca cada seis meses.<\/p>\n<p>El delantero de 20 a\u00f1os, de buen presente en la Reserva, a\u00fan no tuvo la posibilidad de debutar en la primera del Rey de Copas. Extendi\u00f3 su contrato con el club hasta diciembre 2026.<\/p>\n<blockquote class=\"twitter-tweet\" data-width=\"550\" data-dnt=\"true\">\n<p lang=\"es\" dir=\"ltr\">\u270d\ud83c\udffc El jugador Joel Gonz\u00e1lez, proveniente de Club Atl\u00e9tico Independiente, firm\u00f3 su contrato con nuestra instituci\u00f3n. <\/p>\n<p>\u26bd El delantero de 20 a\u00f1os lleg\u00f3 en condici\u00f3n de pr\u00e9stamo sin cargo, con opci\u00f3n de compra y estar\u00e1 vinculado a Nueva Chicago hasta el 31 de diciembre\u00a0de\u00a02024. <a href=\"https:\/\/t.co\/XggnLOHD8M\">pic.twitter.com\/XggnLOHD8M<\/a><\/p>\n<p>&mdash; Nueva Chicago (@NuevaChicago) <a href=\"https:\/\/twitter.com\/NuevaChicago\/status\/1669467070990364672?ref_src=twsrc%5Etfw\">June 15, 2023<\/a><\/p><\/blockquote>\n<p><script async src=\"https:\/\/platform.twitter.com\/widgets.js\" charset=\"utf-8\"><\/script><\/p>\n","protected":false},"excerpt":{"rendered":"<p>El mercado de pases ya empez\u00f3 e Independiente ya tiene dos bajas de cara al pr\u00f3ximo semestre. Tras la salida de Santiago Ayala, se suma Joel Gonz\u00e1lez, quien fue cedido a Nueva Chicago para que tenga rodaje y gane experiencia. Esta tarde, el Torito de Mataderos oficializ\u00f3 la llegada de Gonz\u00e1lez a pr\u00e9stamo por 18 [&hellip;]<\/p>\n","protected":false},"author":101034,"featured_media":113380,"comment_status":"open","ping_status":"closed","sticky":false,"template":"","format":"standard","meta":{"_links_to":"","_links_to_target":""},"categories":[3280,3247],"tags":[153,4148,3298],"_links":{"self":[{"href":"https:\/\/www.locoxelrojo.com\/independiente\/wp-json\/wp\/v2\/posts\/113379"}],"collection":[{"href":"https:\/\/www.locoxelrojo.com\/independiente\/wp-json\/wp\/v2\/posts"}],"about":[{"href":"https:\/\/www.locoxelrojo.com\/independiente\/wp-json\/wp\/v2\/types\/post"}],"author":[{"embeddable":true,"href":"https:\/\/www.locoxelrojo.com\/independiente\/wp-json\/wp\/v2\/users\/101034"}],"replies":[{"embeddable":true,"href":"https:\/\/www.locoxelrojo.com\/independiente\/wp-json\/wp\/v2\/comments?post=113379"}],"version-history":[{"count":4,"href":"https:\/\/www.locoxelrojo.com\/independiente\/wp-json\/wp\/v2\/posts\/113379\/revisions"}],"predecessor-version":[{"id":113401,"href":"https:\/\/www.locoxelrojo.com\/independiente\/wp-json\/wp\/v2\/posts\/113379\/revisions\/113401"}],"wp:featuredmedia":[{"embeddable":true,"href":"https:\/\/www.locoxelrojo.com\/independiente\/wp-json\/wp\/v2\/media\/113380"}],"wp:attachment":[{"href":"https:\/\/www.locoxelrojo.com\/independiente\/wp-json\/wp\/v2\/media?parent=113379"}],"wp:term":[{"taxonomy":"category","embeddable":true,"href":"https:\/\/www.locoxelrojo.com\/independiente\/wp-json\/wp\/v2\/categories?post=113379"},{"taxonomy":"post_tag","embeddable":true,"href":"https:\/\/www.locoxelrojo.com\/independiente\/wp-json\/wp\/v2\/tags?post=113379"}],"curies":[{"name":"wp","href":"https:\/\/api.w.org\/{rel}","templated":true}]}}