{"id":113384,"date":"2023-06-16T09:26:17","date_gmt":"2023-06-16T12:26:17","guid":{"rendered":"https:\/\/www.locoxelrojo.com\/independiente\/?p=113384"},"modified":"2023-06-16T10:29:21","modified_gmt":"2023-06-16T13:29:21","slug":"saenz-rico-el-trabajo-de-cavallero-es-muy-bueno","status":"publish","type":"post","link":"https:\/\/www.locoxelrojo.com\/independiente\/2023\/06\/16\/saenz-rico-el-trabajo-de-cavallero-es-muy-bueno\/","title":{"rendered":"S\u00e1enz Rico: &#8220;El trabajo de Cavallero es muy bueno&#8221;"},"content":{"rendered":"<p>El Secretario Deportivo de <strong>Independiente<\/strong>, <strong>Esteban S\u00e1enz Rico<\/strong>, defendi\u00f3 el trabajo realizado por <strong>Pablo Cavallero<\/strong> como m\u00e1nager y asegur\u00f3 que fue <strong>&#8220;injustamente criticado&#8221;<\/strong>. Adem\u00e1s se refiri\u00f3 al futuro de <strong>Pedro Monz\u00f3n<\/strong> como t\u00e9cnico de la Reserva.<\/p>\n<p><strong>&#8220;El trabajo de Cavallero es muy bueno. Conform\u00f3 y puso en pr\u00e1ctica a la Secretar\u00eda T\u00e9cnica, que es de alto nivel y potencia a los jugadores propios. A su vez, conecta las categor\u00edas inferiores con la Primera y se hace un trabajo de scouting\u201d<\/strong>, comenz\u00f3 en di\u00e1logo con Infierno Rojo.<\/p>\n<p>Una de las principales cr\u00edticas a Cavallero es por el mercado de pases que se hizo, donde incorpor\u00f3 a 11 futbolistas. <strong>\u201cYo no coincido en que se hayan comprado malos jugadores porque son titulares y tienen buenos desempe\u00f1os. El balance es bueno y fue injustamente criticado\u201d<\/strong>, agreg\u00f3.<\/p>\n<p>Por otro lado dio precisiones sobre la pol\u00edtica del club de ceder a pr\u00e9stamo a varios chicos de la Reserva, como los casos confirmados de <a href=\"https:\/\/www.locoxelrojo.com\/independiente\/2023\/06\/15\/el-9-de-la-reserva-se-va-para-tristan-suarez\/\">Santiago Ayala<\/a> y <a href=\"https:\/\/www.locoxelrojo.com\/independiente\/2023\/06\/15\/joel-gonzalez-buscara-minutos-en-nueva-chicago\/\">Joel Gonz\u00e1lez<\/a>. <strong>&#8220;La idea es potenciar lo activos que tiene el club y que no tienen lugar en el primer equipo. Deben foguearse en categor\u00edas superiores y luego volver a Independiente&#8221;<\/strong>, explic\u00f3.<\/p>\n<p>Por \u00faltimo advirti\u00f3 que la idea de la dirigencia es mantener el cuerpo t\u00e9cnico de la Reserva: <strong>&#8220;La intenci\u00f3n es que Pedro Monz\u00f3n contin\u00fae. Tenemos que trabajar con el algunas ideas y creo que podremos hacerlo sin ning\u00fan problema. Tenemos una buena valoraci\u00f3n de \u00e9l&#8221;<\/strong>.<\/p>\n","protected":false},"excerpt":{"rendered":"<p>El Secretario Deportivo de Independiente, Esteban S\u00e1enz Rico, defendi\u00f3 el trabajo realizado por Pablo Cavallero como m\u00e1nager y asegur\u00f3 que fue &#8220;injustamente criticado&#8221;. Adem\u00e1s se refiri\u00f3 al futuro de Pedro Monz\u00f3n como t\u00e9cnico de la Reserva. &#8220;El trabajo de Cavallero es muy bueno. Conform\u00f3 y puso en pr\u00e1ctica a la Secretar\u00eda T\u00e9cnica, que es de [&hellip;]<\/p>\n","protected":false},"author":19,"featured_media":113386,"comment_status":"open","ping_status":"closed","sticky":false,"template":"","format":"standard","meta":{"_links_to":"","_links_to_target":""},"categories":[3280,3247],"tags":[153,5454,3066,1742],"_links":{"self":[{"href":"https:\/\/www.locoxelrojo.com\/independiente\/wp-json\/wp\/v2\/posts\/113384"}],"collection":[{"href":"https:\/\/www.locoxelrojo.com\/independiente\/wp-json\/wp\/v2\/posts"}],"about":[{"href":"https:\/\/www.locoxelrojo.com\/independiente\/wp-json\/wp\/v2\/types\/post"}],"author":[{"embeddable":true,"href":"https:\/\/www.locoxelrojo.com\/independiente\/wp-json\/wp\/v2\/users\/19"}],"replies":[{"embeddable":true,"href":"https:\/\/www.locoxelrojo.com\/independiente\/wp-json\/wp\/v2\/comments?post=113384"}],"version-history":[{"count":1,"href":"https:\/\/www.locoxelrojo.com\/independiente\/wp-json\/wp\/v2\/posts\/113384\/revisions"}],"predecessor-version":[{"id":113385,"href":"https:\/\/www.locoxelrojo.com\/independiente\/wp-json\/wp\/v2\/posts\/113384\/revisions\/113385"}],"wp:featuredmedia":[{"embeddable":true,"href":"https:\/\/www.locoxelrojo.com\/independiente\/wp-json\/wp\/v2\/media\/113386"}],"wp:attachment":[{"href":"https:\/\/www.locoxelrojo.com\/independiente\/wp-json\/wp\/v2\/media?parent=113384"}],"wp:term":[{"taxonomy":"category","embeddable":true,"href":"https:\/\/www.locoxelrojo.com\/independiente\/wp-json\/wp\/v2\/categories?post=113384"},{"taxonomy":"post_tag","embeddable":true,"href":"https:\/\/www.locoxelrojo.com\/independiente\/wp-json\/wp\/v2\/tags?post=113384"}],"curies":[{"name":"wp","href":"https:\/\/api.w.org\/{rel}","templated":true}]}}