{"id":11345,"date":"2011-09-25T14:26:36","date_gmt":"2011-09-25T17:26:36","guid":{"rendered":"http:\/\/www.locoxelrojo.com.ar\/independiente\/?p=11345"},"modified":"2011-09-25T15:44:40","modified_gmt":"2011-09-25T18:44:40","slug":"hilario-no-merecemos-que-los-hinchas-se-vayan-de-boca","status":"publish","type":"post","link":"https:\/\/www.locoxelrojo.com\/independiente\/2011\/09\/25\/hilario-no-merecemos-que-los-hinchas-se-vayan-de-boca\/","title":{"rendered":"Hilario: &#8220;No merecemos que los hinchas se vayan de boca&#8221;"},"content":{"rendered":"<p><a href=\"http:\/\/www.locoxelrojo.com.ar\/independiente\/wp-content\/uploads\/2011\/09\/hilarionavarro.gif\"><img loading=\"lazy\" class=\"alignnone size-full wp-image-11346\" title=\"hilarionavarro\" src=\"http:\/\/www.locoxelrojo.com.ar\/independiente\/wp-content\/uploads\/2011\/09\/hilarionavarro.gif\" alt=\"\" width=\"590\" height=\"315\" srcset=\"https:\/\/locoxelrojo.com\/independiente\/wp-content\/uploads\/2011\/09\/hilarionavarro.gif 590w, https:\/\/locoxelrojo.com\/independiente\/wp-content\/uploads\/2011\/09\/hilarionavarro-300x160.gif 300w\" sizes=\"(max-width: 590px) 100vw, 590px\" \/><\/a><\/p>\n<p>Ram\u00f3n D\u00edaz fue notificado de lo que hizo Hilario Navarro, quien volv\u00eda al arco del Rojo por la lesi\u00f3n de Assmann, y mand\u00f3 al arquero a pedir disculpas. <strong>\u00bfQu\u00e9 pas\u00f3? Al t\u00e9rmino del partido se meti\u00f3 en la zona del Palco Central para buscar a un plate\u00edsta que lo hab\u00eda insultado y desafi\u00f3 a los hinchas que recriminaban la reacci\u00f3n del arquero, mientras personal de seguridad privada lo llevaba rumbo al vestuario nuevamente. Sin palabras.<\/strong><\/p>\n<p>El jugador fue el primero en emitir declaraciones a la prensa y manifest\u00f3: <strong>&#8220;uno tambien tiene familia. Le di muchas cosas al club. Este plantel le dio muchas alegrias a la gente y no se merece que los hinchas se vayan de boca&#8221;.<\/strong> Previamente, el Pelado hab\u00eda sugerido que no era correcto que un jugador fuese contra la gente.<\/p>\n<p>Respecto a lo que se viene, el arquero dijo:<strong> &#8220;el mi\u00e9rcoles tenemos un partido dif\u00edcil porque tenemos que salir a defender el t\u00edtulo&#8221;<\/strong>. Hilario ser\u00eda titular considerando que Fabi\u00e1n Assmann no viajar\u00e1 a Quito.<\/p>\n<p>Por \u00faltimo, se mostr\u00f3 optimista frente a la falta de resultados. <strong>&#8220;Este grupo siempre estuvo fuerte en las malas, sabemos que en cualquier momento van a venir las buenas&#8221;<\/strong>, concluy\u00f3.<\/p>\n","protected":false},"excerpt":{"rendered":"<p>Ram\u00f3n D\u00edaz fue notificado de lo que hizo Hilario Navarro, quien volv\u00eda al arco del Rojo por la lesi\u00f3n de Assmann, y mand\u00f3 al arquero a pedir disculpas. \u00bfQu\u00e9 pas\u00f3? Al t\u00e9rmino del partido se meti\u00f3 en la zona del Palco Central para buscar a un plate\u00edsta que lo hab\u00eda insultado y desafi\u00f3 a los [&hellip;]<\/p>\n","protected":false},"author":1,"featured_media":0,"comment_status":"open","ping_status":"open","sticky":false,"template":"","format":"standard","meta":{"_links_to":"","_links_to_target":""},"categories":[3,1],"tags":[153,76,974,213],"_links":{"self":[{"href":"https:\/\/www.locoxelrojo.com\/independiente\/wp-json\/wp\/v2\/posts\/11345"}],"collection":[{"href":"https:\/\/www.locoxelrojo.com\/independiente\/wp-json\/wp\/v2\/posts"}],"about":[{"href":"https:\/\/www.locoxelrojo.com\/independiente\/wp-json\/wp\/v2\/types\/post"}],"author":[{"embeddable":true,"href":"https:\/\/www.locoxelrojo.com\/independiente\/wp-json\/wp\/v2\/users\/1"}],"replies":[{"embeddable":true,"href":"https:\/\/www.locoxelrojo.com\/independiente\/wp-json\/wp\/v2\/comments?post=11345"}],"version-history":[{"count":0,"href":"https:\/\/www.locoxelrojo.com\/independiente\/wp-json\/wp\/v2\/posts\/11345\/revisions"}],"wp:attachment":[{"href":"https:\/\/www.locoxelrojo.com\/independiente\/wp-json\/wp\/v2\/media?parent=11345"}],"wp:term":[{"taxonomy":"category","embeddable":true,"href":"https:\/\/www.locoxelrojo.com\/independiente\/wp-json\/wp\/v2\/categories?post=11345"},{"taxonomy":"post_tag","embeddable":true,"href":"https:\/\/www.locoxelrojo.com\/independiente\/wp-json\/wp\/v2\/tags?post=11345"}],"curies":[{"name":"wp","href":"https:\/\/api.w.org\/{rel}","templated":true}]}}