{"id":11350,"date":"2011-09-25T14:43:01","date_gmt":"2011-09-25T17:43:01","guid":{"rendered":"http:\/\/www.locoxelrojo.com.ar\/independiente\/?p=11350"},"modified":"2011-09-25T14:50:16","modified_gmt":"2011-09-25T17:50:16","slug":"se-van-para-ecuador","status":"publish","type":"post","link":"https:\/\/www.locoxelrojo.com\/independiente\/2011\/09\/25\/se-van-para-ecuador\/","title":{"rendered":"Se van para Ecuador"},"content":{"rendered":"<p><a href=\"http:\/\/www.locoxelrojo.com.ar\/independiente\/wp-content\/uploads\/2011\/09\/independiente_guayaquil.gif\"><img loading=\"lazy\" class=\"alignnone size-full wp-image-11353\" title=\"independiente_guayaquil\" src=\"http:\/\/www.locoxelrojo.com.ar\/independiente\/wp-content\/uploads\/2011\/09\/independiente_guayaquil.gif\" alt=\"\" width=\"590\" height=\"315\" srcset=\"https:\/\/locoxelrojo.com\/independiente\/wp-content\/uploads\/2011\/09\/independiente_guayaquil.gif 590w, https:\/\/locoxelrojo.com\/independiente\/wp-content\/uploads\/2011\/09\/independiente_guayaquil-300x160.gif 300w\" sizes=\"(max-width: 590px) 100vw, 590px\" \/><\/a><\/p>\n<p>Ya est\u00e1n confirmados los 18 jugadores que viajar\u00e1n ma\u00f1ana a las 7 de la ma\u00f1ana desde Ezeiza rumbo a Guayaquil en donde Independiente se hospedar\u00e1 hasta horas antes del encuentro frente a Liga de Quito -volar\u00e1n en charter 2 horas antes-. Fabi\u00e1n Assmann se quedar\u00e1 en Buenos Aires. Adem\u00e1s, tampoco estar\u00e1n Eduardo Tuzzio, Gabriel Milito, Cristian Pellerano y Facundo Parra. La Copa, en segundo plano&#8230;<\/p>\n<p>En conferencia de prensa Ram\u00f3n anticip\u00f3 que &#8220;lo m\u00e1s importante es el cl\u00e1sico&#8221;. Defender el t\u00edtulo parece dif\u00edcil. El Rojo se hospedar\u00e1 en el Hotel Col\u00f3n de Guayaquil y tiene prevista la vuelta para el jueves 29 por la ma\u00f1ana. A continuaci\u00f3n, la lista de los jugadores afectados:<strong><\/strong><\/p>\n<p><strong>Arqueros: <\/strong>Hilario Navarro, Adri\u00e1n Gabbarini.<br id=\"yui_3_2_0_15_1316906144638118\" \/><strong>Defensores: <\/strong>Adri\u00e1n Argach\u00e1, Leonel Galeano, Cristian B\u00e1ez, Carlos Matheu, Juli\u00e1n Vel\u00e1zquez, Iv\u00e1n V\u00e9lez.<br id=\"yui_3_2_0_15_1316906144638129\" \/><strong>Volantes: <\/strong>Fernando Godoy, Walter Busse, Gino Clara, Nicol\u00e1s Delmonte, Iv\u00e1n P\u00e9rez, Osmar Ferreyra.<br \/>\n<strong>Delanteros: <\/strong>Brian Nieva, Leonel N\u00fa\u00f1ez, Marco P\u00e9rez, Mat\u00edas Defederico.<\/p>\n","protected":false},"excerpt":{"rendered":"<p>Ya est\u00e1n confirmados los 18 jugadores que viajar\u00e1n ma\u00f1ana a las 7 de la ma\u00f1ana desde Ezeiza rumbo a Guayaquil en donde Independiente se hospedar\u00e1 hasta horas antes del encuentro frente a Liga de Quito -volar\u00e1n en charter 2 horas antes-. Fabi\u00e1n Assmann se quedar\u00e1 en Buenos Aires. Adem\u00e1s, tampoco estar\u00e1n Eduardo Tuzzio, Gabriel Milito, [&hellip;]<\/p>\n","protected":false},"author":1,"featured_media":0,"comment_status":"open","ping_status":"open","sticky":false,"template":"","format":"standard","meta":{"_links_to":"","_links_to_target":""},"categories":[3,1],"tags":[153,353,135,78,42,622],"_links":{"self":[{"href":"https:\/\/www.locoxelrojo.com\/independiente\/wp-json\/wp\/v2\/posts\/11350"}],"collection":[{"href":"https:\/\/www.locoxelrojo.com\/independiente\/wp-json\/wp\/v2\/posts"}],"about":[{"href":"https:\/\/www.locoxelrojo.com\/independiente\/wp-json\/wp\/v2\/types\/post"}],"author":[{"embeddable":true,"href":"https:\/\/www.locoxelrojo.com\/independiente\/wp-json\/wp\/v2\/users\/1"}],"replies":[{"embeddable":true,"href":"https:\/\/www.locoxelrojo.com\/independiente\/wp-json\/wp\/v2\/comments?post=11350"}],"version-history":[{"count":0,"href":"https:\/\/www.locoxelrojo.com\/independiente\/wp-json\/wp\/v2\/posts\/11350\/revisions"}],"wp:attachment":[{"href":"https:\/\/www.locoxelrojo.com\/independiente\/wp-json\/wp\/v2\/media?parent=11350"}],"wp:term":[{"taxonomy":"category","embeddable":true,"href":"https:\/\/www.locoxelrojo.com\/independiente\/wp-json\/wp\/v2\/categories?post=11350"},{"taxonomy":"post_tag","embeddable":true,"href":"https:\/\/www.locoxelrojo.com\/independiente\/wp-json\/wp\/v2\/tags?post=11350"}],"curies":[{"name":"wp","href":"https:\/\/api.w.org\/{rel}","templated":true}]}}