{"id":113509,"date":"2023-06-24T18:58:08","date_gmt":"2023-06-24T21:58:08","guid":{"rendered":"https:\/\/www.locoxelrojo.com\/independiente\/?p=113509"},"modified":"2023-06-25T14:04:12","modified_gmt":"2023-06-25T17:04:12","slug":"zielinski-soy-el-responsable-no-competimos","status":"publish","type":"post","link":"https:\/\/www.locoxelrojo.com\/independiente\/2023\/06\/24\/zielinski-soy-el-responsable-no-competimos\/","title":{"rendered":"Zielinski: &#8220;Soy el responsable, no competimos&#8221;"},"content":{"rendered":"<p><strong>Tras la dura derrota por 3-0 como visitante ante Uni\u00f3n, el t\u00e9cnico de Independiente habl\u00f3 en conferencia de prensa y se responsabiliz\u00f3 por el p\u00e9simo nivel de sus dirigidos.<\/strong> Ricardo Zielinski dej\u00f3 en claro que deben mejorar si quieren terminar el campeonato con una mejor imagen.<\/p>\n<p><strong>&#8220;Soy el responsable. De visitante, con poco, nos hacen los goles y es dif\u00edcil revertir. No interpretamos bien los partidos, no tomamos buenas decisiones, la idea no era jugar como hoy. Me preocupa no competir de visitante&#8221;,<\/strong> expres\u00f3 el DT.<\/p>\n<p>Sin poner excusas, el Ruso explic\u00f3 lo que plane\u00f3 para este encuentro y no sali\u00f3: <strong>&#8220;Estamos buscando el motivo de porqu\u00e9 no podemos hacernos fuertes de visitantes. \u00cdbamos a cambiar el sistema, el equipo la otra vez funcion\u00f3 bien, le ten\u00edamos fe y por eso no cambiamos. Seguiremos tratando de que el equipo mejore porque sin regularidad es dif\u00edcil todo&#8221;<\/strong><\/p>\n<p>Para finalizar, consultado por el mercado de pases, manifest\u00f3 su deseo de sumar refuerzos para levantar el nivel del plantel:<strong> &#8220;Lo que queremos fundamentalmente es tener un equipo con m\u00e1s variantes con dos o tres jugadores que vengan y nos den una mano para mejorar&#8221;.<\/strong><\/p>\n","protected":false},"excerpt":{"rendered":"<p>Tras la dura derrota por 3-0 como visitante ante Uni\u00f3n, el t\u00e9cnico de Independiente habl\u00f3 en conferencia de prensa y se responsabiliz\u00f3 por el p\u00e9simo nivel de sus dirigidos. Ricardo Zielinski dej\u00f3 en claro que deben mejorar si quieren terminar el campeonato con una mejor imagen. &#8220;Soy el responsable. De visitante, con poco, nos hacen [&hellip;]<\/p>\n","protected":false},"author":14,"featured_media":113512,"comment_status":"open","ping_status":"closed","sticky":false,"template":"","format":"standard","meta":{"_links_to":"","_links_to_target":""},"categories":[3247,3],"tags":[153,2084,2642],"_links":{"self":[{"href":"https:\/\/www.locoxelrojo.com\/independiente\/wp-json\/wp\/v2\/posts\/113509"}],"collection":[{"href":"https:\/\/www.locoxelrojo.com\/independiente\/wp-json\/wp\/v2\/posts"}],"about":[{"href":"https:\/\/www.locoxelrojo.com\/independiente\/wp-json\/wp\/v2\/types\/post"}],"author":[{"embeddable":true,"href":"https:\/\/www.locoxelrojo.com\/independiente\/wp-json\/wp\/v2\/users\/14"}],"replies":[{"embeddable":true,"href":"https:\/\/www.locoxelrojo.com\/independiente\/wp-json\/wp\/v2\/comments?post=113509"}],"version-history":[{"count":1,"href":"https:\/\/www.locoxelrojo.com\/independiente\/wp-json\/wp\/v2\/posts\/113509\/revisions"}],"predecessor-version":[{"id":113513,"href":"https:\/\/www.locoxelrojo.com\/independiente\/wp-json\/wp\/v2\/posts\/113509\/revisions\/113513"}],"wp:featuredmedia":[{"embeddable":true,"href":"https:\/\/www.locoxelrojo.com\/independiente\/wp-json\/wp\/v2\/media\/113512"}],"wp:attachment":[{"href":"https:\/\/www.locoxelrojo.com\/independiente\/wp-json\/wp\/v2\/media?parent=113509"}],"wp:term":[{"taxonomy":"category","embeddable":true,"href":"https:\/\/www.locoxelrojo.com\/independiente\/wp-json\/wp\/v2\/categories?post=113509"},{"taxonomy":"post_tag","embeddable":true,"href":"https:\/\/www.locoxelrojo.com\/independiente\/wp-json\/wp\/v2\/tags?post=113509"}],"curies":[{"name":"wp","href":"https:\/\/api.w.org\/{rel}","templated":true}]}}