{"id":113561,"date":"2023-06-27T23:20:53","date_gmt":"2023-06-28T02:20:53","guid":{"rendered":"https:\/\/www.locoxelrojo.com\/independiente\/?p=113561"},"modified":"2023-06-27T23:20:53","modified_gmt":"2023-06-28T02:20:53","slug":"cuero-rescindio-y-no-es-mas-jugador-del-rojo","status":"publish","type":"post","link":"https:\/\/www.locoxelrojo.com\/independiente\/2023\/06\/27\/cuero-rescindio-y-no-es-mas-jugador-del-rojo\/","title":{"rendered":"Cuero rescindi\u00f3 y no es m\u00e1s jugador del Rojo"},"content":{"rendered":"<p><strong>La estad\u00eda de Mauricio Cuero en Independiente lleg\u00f3 a su fin luego de la rescisi\u00f3n de com\u00fan acuerdo de su contrato.<\/strong> El delantero colombiano hab\u00eda llegado en el \u00faltimo mercado de pases pero nunca rindi\u00f3 y se tom\u00f3 la decisi\u00f3n de acelerar su salida. Ac\u00e1, todos los detalles.<\/p>\n<p>Su llegada a principio de a\u00f1o, avalada por dirigentes y el manager Pablo Cavallero, llam\u00f3 la atenci\u00f3n tras su bajo rendimiento en sus \u00faltimos clubes. <strong>Poco compromiso y algunas lesiones hac\u00edan poner en duda su contrataci\u00f3n, pero se esperaba una recuperaci\u00f3n del futbolista que alguna vez brill\u00f3 en Banfield.<\/strong><\/p>\n<p>A pesar de las advertencias, se dio la l\u00f3gica: el extremo de 30 a\u00f1os no tuvo un buen semestre y por eso se aceler\u00f3 su salida anticipada cuando le quedaban 18 meses de contrato. <strong>Con la camiseta del Rey de Copas disput\u00f3 11 encuentros sin goles ni asistencias. Las lesiones le jugaron en contra y se lo notaba fuera de estado.<\/strong><\/p>\n<p><strong>Este martes el club anunci\u00f3 su salida de com\u00fan acuerdo, cobrando hasta el \u00faltimo d\u00eda trabajado.<\/strong><\/p>\n<p>&nbsp;<\/p>\n","protected":false},"excerpt":{"rendered":"<p>La estad\u00eda de Mauricio Cuero en Independiente lleg\u00f3 a su fin luego de la rescisi\u00f3n de com\u00fan acuerdo de su contrato. El delantero colombiano hab\u00eda llegado en el \u00faltimo mercado de pases pero nunca rindi\u00f3 y se tom\u00f3 la decisi\u00f3n de acelerar su salida. Ac\u00e1, todos los detalles. Su llegada a principio de a\u00f1o, avalada [&hellip;]<\/p>\n","protected":false},"author":14,"featured_media":113562,"comment_status":"open","ping_status":"closed","sticky":false,"template":"","format":"standard","meta":{"_links_to":"","_links_to_target":""},"categories":[3247,3],"tags":[153,5320],"_links":{"self":[{"href":"https:\/\/www.locoxelrojo.com\/independiente\/wp-json\/wp\/v2\/posts\/113561"}],"collection":[{"href":"https:\/\/www.locoxelrojo.com\/independiente\/wp-json\/wp\/v2\/posts"}],"about":[{"href":"https:\/\/www.locoxelrojo.com\/independiente\/wp-json\/wp\/v2\/types\/post"}],"author":[{"embeddable":true,"href":"https:\/\/www.locoxelrojo.com\/independiente\/wp-json\/wp\/v2\/users\/14"}],"replies":[{"embeddable":true,"href":"https:\/\/www.locoxelrojo.com\/independiente\/wp-json\/wp\/v2\/comments?post=113561"}],"version-history":[{"count":1,"href":"https:\/\/www.locoxelrojo.com\/independiente\/wp-json\/wp\/v2\/posts\/113561\/revisions"}],"predecessor-version":[{"id":113563,"href":"https:\/\/www.locoxelrojo.com\/independiente\/wp-json\/wp\/v2\/posts\/113561\/revisions\/113563"}],"wp:featuredmedia":[{"embeddable":true,"href":"https:\/\/www.locoxelrojo.com\/independiente\/wp-json\/wp\/v2\/media\/113562"}],"wp:attachment":[{"href":"https:\/\/www.locoxelrojo.com\/independiente\/wp-json\/wp\/v2\/media?parent=113561"}],"wp:term":[{"taxonomy":"category","embeddable":true,"href":"https:\/\/www.locoxelrojo.com\/independiente\/wp-json\/wp\/v2\/categories?post=113561"},{"taxonomy":"post_tag","embeddable":true,"href":"https:\/\/www.locoxelrojo.com\/independiente\/wp-json\/wp\/v2\/tags?post=113561"}],"curies":[{"name":"wp","href":"https:\/\/api.w.org\/{rel}","templated":true}]}}