{"id":113887,"date":"2023-07-12T11:11:02","date_gmt":"2023-07-12T14:11:02","guid":{"rendered":"https:\/\/www.locoxelrojo.com\/independiente\/?p=113887"},"modified":"2023-07-12T11:11:02","modified_gmt":"2023-07-12T14:11:02","slug":"las-claves-de-la-derrota-ante-la-lepra","status":"publish","type":"post","link":"https:\/\/www.locoxelrojo.com\/independiente\/2023\/07\/12\/las-claves-de-la-derrota-ante-la-lepra\/","title":{"rendered":"Las claves de la derrota ante la Lepra"},"content":{"rendered":"<p><a href=\"https:\/\/www.locoxelrojo.com\/independiente\/2023\/07\/11\/otra-noche-de-terror\/\">Independiente perdi\u00f3 2-0 frente a Newell&#8217;s<\/a> por la fecha 24 de la Liga Profesional. El conjunto de Ricardo Zielinski tuvo una noche para el olvido en Avellaneda y <strong>a continuaci\u00f3n te dejamos los principales motivos de la derrota.<\/strong><\/p>\n<ul>\n<li style=\"list-style-type: none;\">\n<ul>\n<li><b>No lastima, pero lo lastiman:<\/b> Independiente arranc\u00f3 mejor, jug\u00f3 cerca del arco contrario y no encontr\u00f3 el gol. Luego, lleg\u00f3 el tanto de la visita y se derrumb\u00f3. Es un equipo inofensivo y d\u00e9bil.<\/li>\n<li><b>Noche fat\u00eddica para el uruguayo:<\/b> Edgar Elizalde fue por lejos el peor de la cancha y cometi\u00f3 errores garrafales que desencadenaron en la derrota del Rojo. Fall\u00f3 en la marca en el primer gol, nadie entiende qu\u00e9 quiso hacer en el segundo y lo salv\u00f3 el VAR en el que anulan porque hab\u00eda perdido su marca.<\/li>\n<li><b>Temor general:<\/b> eso es lo que se vive hoy en d\u00eda en el club. Miedo en la toma de decisiones de los dirigentes, dudas y desconciertos para armar el equipo y p\u00e1nico esc\u00e9nico por parte de los jugadores.<\/li>\n<li><b>Falta todo:<\/b> este plantel tiene carencias por todos lados. No solo le falta jerarqu\u00eda, tambi\u00e9n variantes en varios puestos. Es cuasi amateur. Si no se mueven bien en el mercado de pases, vamos a seguir sufriendo fecha a fecha y quemando buenos proyectos.<\/li>\n<\/ul>\n<\/li>\n<\/ul>\n","protected":false},"excerpt":{"rendered":"<p>Independiente perdi\u00f3 2-0 frente a Newell&#8217;s por la fecha 24 de la Liga Profesional. El conjunto de Ricardo Zielinski tuvo una noche para el olvido en Avellaneda y a continuaci\u00f3n te dejamos los principales motivos de la derrota. No lastima, pero lo lastiman: Independiente arranc\u00f3 mejor, jug\u00f3 cerca del arco contrario y no encontr\u00f3 el [&hellip;]<\/p>\n","protected":false},"author":1,"featured_media":113888,"comment_status":"open","ping_status":"closed","sticky":false,"template":"","format":"standard","meta":{"_links_to":"","_links_to_target":""},"categories":[3247,3],"tags":[3793,153,5275,2831,2084],"_links":{"self":[{"href":"https:\/\/www.locoxelrojo.com\/independiente\/wp-json\/wp\/v2\/posts\/113887"}],"collection":[{"href":"https:\/\/www.locoxelrojo.com\/independiente\/wp-json\/wp\/v2\/posts"}],"about":[{"href":"https:\/\/www.locoxelrojo.com\/independiente\/wp-json\/wp\/v2\/types\/post"}],"author":[{"embeddable":true,"href":"https:\/\/www.locoxelrojo.com\/independiente\/wp-json\/wp\/v2\/users\/1"}],"replies":[{"embeddable":true,"href":"https:\/\/www.locoxelrojo.com\/independiente\/wp-json\/wp\/v2\/comments?post=113887"}],"version-history":[{"count":1,"href":"https:\/\/www.locoxelrojo.com\/independiente\/wp-json\/wp\/v2\/posts\/113887\/revisions"}],"predecessor-version":[{"id":113889,"href":"https:\/\/www.locoxelrojo.com\/independiente\/wp-json\/wp\/v2\/posts\/113887\/revisions\/113889"}],"wp:featuredmedia":[{"embeddable":true,"href":"https:\/\/www.locoxelrojo.com\/independiente\/wp-json\/wp\/v2\/media\/113888"}],"wp:attachment":[{"href":"https:\/\/www.locoxelrojo.com\/independiente\/wp-json\/wp\/v2\/media?parent=113887"}],"wp:term":[{"taxonomy":"category","embeddable":true,"href":"https:\/\/www.locoxelrojo.com\/independiente\/wp-json\/wp\/v2\/categories?post=113887"},{"taxonomy":"post_tag","embeddable":true,"href":"https:\/\/www.locoxelrojo.com\/independiente\/wp-json\/wp\/v2\/tags?post=113887"}],"curies":[{"name":"wp","href":"https:\/\/api.w.org\/{rel}","templated":true}]}}