{"id":113895,"date":"2023-07-13T19:23:07","date_gmt":"2023-07-13T22:23:07","guid":{"rendered":"https:\/\/www.locoxelrojo.com\/independiente\/?p=113895"},"modified":"2023-07-14T03:42:06","modified_gmt":"2023-07-14T06:42:06","slug":"lamolina-el-arbitro-en-santiago-del-estero","status":"publish","type":"post","link":"https:\/\/www.locoxelrojo.com\/independiente\/2023\/07\/13\/lamolina-el-arbitro-en-santiago-del-estero\/","title":{"rendered":"Lamolina, el \u00e1rbitro en Santiago del Estero"},"content":{"rendered":"<p><strong>Nicol\u00e1s Lamolina fue designado para dirigir el partido entre Central C\u00f3rdoba e Independiente en Santiago del Estero, por la fecha 25 de la Liga Profesional.<\/strong><\/p>\n<p>El Rojo jug\u00f3 apenas 9 veces bajo las \u00f3rdenes de este \u00e1rbitro y el saldo por ahora es negativo: cosech\u00f3 <strong>2 victorias, 3 empates y 4 derrotas<\/strong>.<\/p>\n<p>El \u00faltimo partido del Rey de Copas con Lamolina de juez fue el <strong>empate 2-2 con Col\u00f3n en Avellaneda<\/strong>, por la fecha 8 de este campeonato. Aquella noche, <strong>cobr\u00f3 tres penales: dos para Independiente<\/strong>, que terminaron en los goles de Mart\u00edn Cauteruccio y Mat\u00edas Gim\u00e9nez, <strong>y uno para el Sabalero a instancias del VAR<\/strong>, que le permiti\u00f3 al visitante llevarse la igualdad ag\u00f3nica.<\/p>\n<p>Este domingo a las 21:30, Lamolina estar\u00e1 acompa\u00f1ado por Iv\u00e1n N\u00fa\u00f1ez y Julio Fern\u00e1ndez como jueces de l\u00ednea, mientras que Gast\u00f3n Monz\u00f3n Brizuela ser\u00e1 el cuarto \u00e1rbitro.<strong> El encargado del VAR ser\u00e1 Fernando Rapallini<\/strong>, quien tendr\u00e1 como asistente a Andr\u00e9s Merlos.<\/p>\n<h3>El \u00faltimo del Rojo con Lamolina<\/h3>\n<p><iframe loading=\"lazy\" title=\"\u00a1POL\u00c9MICA, BLOOPERS E IGUALDAD ENTRE EL ROJO Y EL SABALERO! | Independiente 2-2 Col\u00f3n | RESUMEN\" width=\"696\" height=\"392\" src=\"https:\/\/www.youtube.com\/embed\/wV90wpkMkvg?feature=oembed\" frameborder=\"0\" allow=\"accelerometer; autoplay; clipboard-write; encrypted-media; gyroscope; picture-in-picture; web-share\" allowfullscreen><\/iframe><\/p>\n","protected":false},"excerpt":{"rendered":"<p>Nicol\u00e1s Lamolina fue designado para dirigir el partido entre Central C\u00f3rdoba e Independiente en Santiago del Estero, por la fecha 25 de la Liga Profesional. El Rojo jug\u00f3 apenas 9 veces bajo las \u00f3rdenes de este \u00e1rbitro y el saldo por ahora es negativo: cosech\u00f3 2 victorias, 3 empates y 4 derrotas. El \u00faltimo partido [&hellip;]<\/p>\n","protected":false},"author":8,"featured_media":113896,"comment_status":"open","ping_status":"closed","sticky":false,"template":"","format":"standard","meta":{"_links_to":"","_links_to_target":""},"categories":[3280,3247],"tags":[4696,153,5275,3421],"_links":{"self":[{"href":"https:\/\/www.locoxelrojo.com\/independiente\/wp-json\/wp\/v2\/posts\/113895"}],"collection":[{"href":"https:\/\/www.locoxelrojo.com\/independiente\/wp-json\/wp\/v2\/posts"}],"about":[{"href":"https:\/\/www.locoxelrojo.com\/independiente\/wp-json\/wp\/v2\/types\/post"}],"author":[{"embeddable":true,"href":"https:\/\/www.locoxelrojo.com\/independiente\/wp-json\/wp\/v2\/users\/8"}],"replies":[{"embeddable":true,"href":"https:\/\/www.locoxelrojo.com\/independiente\/wp-json\/wp\/v2\/comments?post=113895"}],"version-history":[{"count":1,"href":"https:\/\/www.locoxelrojo.com\/independiente\/wp-json\/wp\/v2\/posts\/113895\/revisions"}],"predecessor-version":[{"id":113897,"href":"https:\/\/www.locoxelrojo.com\/independiente\/wp-json\/wp\/v2\/posts\/113895\/revisions\/113897"}],"wp:featuredmedia":[{"embeddable":true,"href":"https:\/\/www.locoxelrojo.com\/independiente\/wp-json\/wp\/v2\/media\/113896"}],"wp:attachment":[{"href":"https:\/\/www.locoxelrojo.com\/independiente\/wp-json\/wp\/v2\/media?parent=113895"}],"wp:term":[{"taxonomy":"category","embeddable":true,"href":"https:\/\/www.locoxelrojo.com\/independiente\/wp-json\/wp\/v2\/categories?post=113895"},{"taxonomy":"post_tag","embeddable":true,"href":"https:\/\/www.locoxelrojo.com\/independiente\/wp-json\/wp\/v2\/tags?post=113895"}],"curies":[{"name":"wp","href":"https:\/\/api.w.org\/{rel}","templated":true}]}}