{"id":113982,"date":"2023-07-17T16:19:17","date_gmt":"2023-07-17T19:19:17","guid":{"rendered":"https:\/\/www.locoxelrojo.com\/independiente\/?p=113982"},"modified":"2023-07-17T16:19:32","modified_gmt":"2023-07-17T19:19:32","slug":"costa-fue-una-muralla","status":"publish","type":"post","link":"https:\/\/www.locoxelrojo.com\/independiente\/2023\/07\/17\/costa-fue-una-muralla\/","title":{"rendered":"Costa fue una muralla"},"content":{"rendered":"<p><strong>Ayrton Costa<\/strong> es unos de los pocos jugadores de <strong>Independiente<\/strong> que mantuvieron su regularidad a lo largo del torneo y <a href=\"https:\/\/www.locoxelrojo.com\/independiente\/2023\/07\/16\/y-un-dia-corto-la-mala-racha\/\">en el triunfo ante Central C\u00f3rdoba<\/a> no fue la excepci\u00f3n.<\/p>\n<p>El lateral izquierdo no tuvo proyecci\u00f3n en el ataque pero estuvo seguro en la defensa y eso se reflej\u00f3 en la estad\u00edstica. \u00bfPor qu\u00e9? <strong>Tuvo un partido perfecto en la marca ya que gan\u00f3 los 9 duelos que disput\u00f3, 5 fueron en el suelo y 4 a\u00e9reos<\/strong>.<\/p>\n<p>Adem\u00e1s registr\u00f3 <strong>5 entradas, 3 despejes, 64 toques de pelota, tuvo un 61% de efectividad en pases y complet\u00f3 satisfactoriamente 3 de 5 balones en largo que jug\u00f3<\/strong>. Buenos n\u00fameros para el zurdo de 24 a\u00f1os que anoche complet\u00f3 los 90 minutos.<\/p>\n<p>Despu\u00e9s del encuentro, el surgido de las Inferiores del Rojo brind\u00f3 declaraciones a MuyCai: <strong>&#8220;El partido de hoy era una final y vinimos a ganarla. El Ruso siempre nos dice que estemos arreglados, que una nos va a quedar y por suerte, nos qued\u00f3&#8221;<\/strong>.<\/p>\n<p>Durante este torneo, <strong>Costa disput\u00f3 22 partidos, anot\u00f3 un gol (Godoy Cruz) y reparti\u00f3 una asistencia (Gimnasia)<\/strong>. Adem\u00e1s, no tuvo ninguna tarjeta roja en uno de los equipos con m\u00e1s expulsados de la Liga Profesional.<\/p>\n<p><iframe loading=\"lazy\" title=\"YouTube video player\" src=\"https:\/\/www.youtube.com\/embed\/oajlwyzDZv8\" width=\"560\" height=\"315\" frameborder=\"0\" allowfullscreen=\"allowfullscreen\"><\/iframe><\/p>\n","protected":false},"excerpt":{"rendered":"<p>Ayrton Costa es unos de los pocos jugadores de Independiente que mantuvieron su regularidad a lo largo del torneo y en el triunfo ante Central C\u00f3rdoba no fue la excepci\u00f3n. El lateral izquierdo no tuvo proyecci\u00f3n en el ataque pero estuvo seguro en la defensa y eso se reflej\u00f3 en la estad\u00edstica. \u00bfPor qu\u00e9? Tuvo [&hellip;]<\/p>\n","protected":false},"author":101034,"featured_media":113983,"comment_status":"open","ping_status":"closed","sticky":false,"template":"","format":"standard","meta":{"_links_to":"","_links_to_target":""},"categories":[4943,3247],"tags":[4687,4497,153],"_links":{"self":[{"href":"https:\/\/www.locoxelrojo.com\/independiente\/wp-json\/wp\/v2\/posts\/113982"}],"collection":[{"href":"https:\/\/www.locoxelrojo.com\/independiente\/wp-json\/wp\/v2\/posts"}],"about":[{"href":"https:\/\/www.locoxelrojo.com\/independiente\/wp-json\/wp\/v2\/types\/post"}],"author":[{"embeddable":true,"href":"https:\/\/www.locoxelrojo.com\/independiente\/wp-json\/wp\/v2\/users\/101034"}],"replies":[{"embeddable":true,"href":"https:\/\/www.locoxelrojo.com\/independiente\/wp-json\/wp\/v2\/comments?post=113982"}],"version-history":[{"count":1,"href":"https:\/\/www.locoxelrojo.com\/independiente\/wp-json\/wp\/v2\/posts\/113982\/revisions"}],"predecessor-version":[{"id":113984,"href":"https:\/\/www.locoxelrojo.com\/independiente\/wp-json\/wp\/v2\/posts\/113982\/revisions\/113984"}],"wp:featuredmedia":[{"embeddable":true,"href":"https:\/\/www.locoxelrojo.com\/independiente\/wp-json\/wp\/v2\/media\/113983"}],"wp:attachment":[{"href":"https:\/\/www.locoxelrojo.com\/independiente\/wp-json\/wp\/v2\/media?parent=113982"}],"wp:term":[{"taxonomy":"category","embeddable":true,"href":"https:\/\/www.locoxelrojo.com\/independiente\/wp-json\/wp\/v2\/categories?post=113982"},{"taxonomy":"post_tag","embeddable":true,"href":"https:\/\/www.locoxelrojo.com\/independiente\/wp-json\/wp\/v2\/tags?post=113982"}],"curies":[{"name":"wp","href":"https:\/\/api.w.org\/{rel}","templated":true}]}}