{"id":114004,"date":"2023-07-19T22:00:40","date_gmt":"2023-07-20T01:00:40","guid":{"rendered":"https:\/\/www.locoxelrojo.com\/independiente\/?p=114004"},"modified":"2023-07-20T03:23:53","modified_gmt":"2023-07-20T06:23:53","slug":"las-opciones-de-zielinski-para-reemplazar-a-elizalde","status":"publish","type":"post","link":"https:\/\/www.locoxelrojo.com\/independiente\/2023\/07\/19\/las-opciones-de-zielinski-para-reemplazar-a-elizalde\/","title":{"rendered":"Las opciones de Zielinski para reemplazar a Elizalde"},"content":{"rendered":"<p><strong>Ricardo Zielinski no podr\u00e1 contar con Edgar Elizalde ante Atl\u00e9tico Tucum\u00e1n y tendr\u00e1 que definir qui\u00e9n ser\u00e1 su reemplazante en la defensa de Independiente.<\/strong><\/p>\n<p>El uruguayo ver\u00e1 el partido desde afuera por <a href=\"https:\/\/www.locoxelrojo.com\/independiente\/2023\/07\/16\/elizalde-vio-la-roja-en-el-final-y-no-estara-en-tucuman\/\">su expulsi\u00f3n ante Central C\u00f3rdoba en Santiago del Estero<\/a>. El puesto de marcador central izquierdo queda vacante y el DT tiene varias opciones para rearmar la \u00faltima l\u00ednea.<\/p>\n<p>Si el Ruso se inclina por un reemplazante &#8220;natural&#8221; en el puesto, es posible que sea titular <strong>Joaqu\u00edn Laso o Patricio Ostachuk<\/strong>. El problema es que \u00e9ste \u00faltimo viene de jugar como lateral derecho por la lesi\u00f3n de <strong>Luciano G\u00f3mez<\/strong>, quien todav\u00eda est\u00e1 en duda para jugar en Tucum\u00e1n.<\/p>\n<p>En caso que Zielinski elija a Ostachuk como 6 titular, quedar\u00eda vacante el lateral derecho. Sin G\u00f3mez, las alternativas para esa banda son<strong> Baltasar Barcia y Santiago Salle<\/strong>, que si bien no son laterales, pueden jugar en esa posici\u00f3n.<\/p>\n<p>Otra opci\u00f3n es el ingreso de<strong> Dami\u00e1n P\u00e9rez<\/strong> como lateral izquierdo, lo que har\u00eda que Ayrton Costa deje la banda para pararse como 6, su puesto natural.<\/p>\n<p>Finalmente, una alternativa interesante que parece correr muy de atr\u00e1s es que Zielinski se la juegue por alg\u00fan juvenil. Si pasa eso, los m\u00e1ximos candidatos a entrar son<strong> Axel Poza y Agust\u00edn Quiroga, ambos de gran presente en la Reserva<\/strong>.<\/p>\n","protected":false},"excerpt":{"rendered":"<p>Ricardo Zielinski no podr\u00e1 contar con Edgar Elizalde ante Atl\u00e9tico Tucum\u00e1n y tendr\u00e1 que definir qui\u00e9n ser\u00e1 su reemplazante en la defensa de Independiente. El uruguayo ver\u00e1 el partido desde afuera por su expulsi\u00f3n ante Central C\u00f3rdoba en Santiago del Estero. El puesto de marcador central izquierdo queda vacante y el DT tiene varias opciones [&hellip;]<\/p>\n","protected":false},"author":8,"featured_media":114006,"comment_status":"open","ping_status":"closed","sticky":false,"template":"","format":"standard","meta":{"_links_to":"","_links_to_target":""},"categories":[3247,3],"tags":[4805,4186,5347,153,5324,5212,5325,4739,5244],"_links":{"self":[{"href":"https:\/\/www.locoxelrojo.com\/independiente\/wp-json\/wp\/v2\/posts\/114004"}],"collection":[{"href":"https:\/\/www.locoxelrojo.com\/independiente\/wp-json\/wp\/v2\/posts"}],"about":[{"href":"https:\/\/www.locoxelrojo.com\/independiente\/wp-json\/wp\/v2\/types\/post"}],"author":[{"embeddable":true,"href":"https:\/\/www.locoxelrojo.com\/independiente\/wp-json\/wp\/v2\/users\/8"}],"replies":[{"embeddable":true,"href":"https:\/\/www.locoxelrojo.com\/independiente\/wp-json\/wp\/v2\/comments?post=114004"}],"version-history":[{"count":2,"href":"https:\/\/www.locoxelrojo.com\/independiente\/wp-json\/wp\/v2\/posts\/114004\/revisions"}],"predecessor-version":[{"id":114007,"href":"https:\/\/www.locoxelrojo.com\/independiente\/wp-json\/wp\/v2\/posts\/114004\/revisions\/114007"}],"wp:featuredmedia":[{"embeddable":true,"href":"https:\/\/www.locoxelrojo.com\/independiente\/wp-json\/wp\/v2\/media\/114006"}],"wp:attachment":[{"href":"https:\/\/www.locoxelrojo.com\/independiente\/wp-json\/wp\/v2\/media?parent=114004"}],"wp:term":[{"taxonomy":"category","embeddable":true,"href":"https:\/\/www.locoxelrojo.com\/independiente\/wp-json\/wp\/v2\/categories?post=114004"},{"taxonomy":"post_tag","embeddable":true,"href":"https:\/\/www.locoxelrojo.com\/independiente\/wp-json\/wp\/v2\/tags?post=114004"}],"curies":[{"name":"wp","href":"https:\/\/api.w.org\/{rel}","templated":true}]}}