{"id":114018,"date":"2023-07-21T06:24:08","date_gmt":"2023-07-21T09:24:08","guid":{"rendered":"https:\/\/www.locoxelrojo.com\/independiente\/?p=114018"},"modified":"2023-07-21T06:57:05","modified_gmt":"2023-07-21T09:57:05","slug":"deuda-cancelada-le-pago-13-millones-de-pesos-a-batallini","status":"publish","type":"post","link":"https:\/\/www.locoxelrojo.com\/independiente\/2023\/07\/21\/deuda-cancelada-le-pago-13-millones-de-pesos-a-batallini\/","title":{"rendered":"Deuda cancelada: le pag\u00f3 13 millones de pesos a Batallini"},"content":{"rendered":"<p>La gesti\u00f3n que encabeza N\u00e9stor Grindetti contin\u00faa tapando los desajustes hechos por Hugo Moyano y compa\u00f1\u00eda. <strong>En las \u00faltimas horas le abon\u00f3 a Dami\u00e1n Batallini la \u00faltima cuota que deb\u00eda y as\u00ed le puso fin a uno de los tantos acuerdos de pago<\/strong>.<\/p>\n<p>El extremo de 27 a\u00f1os <a href=\"https:\/\/www.locoxelrojo.com\/independiente\/2022\/01\/28\/batallini-firmo-y-es-el-primer-refuerzo\/\">hab\u00eda llegado a Independiente en enero de 2022<\/a>, a pr\u00e9stamo de Argentinos Juniors. <strong>Durante los 12 meses que estuvo en el Rojo jug\u00f3 39 partidos -31 como titular- y marc\u00f3 3 goles<\/strong> (Col\u00f3n, Aldosivi y Banfield).<\/p>\n<p>Lo cierto es que luego de <a href=\"https:\/\/www.locoxelrojo.com\/independiente\/2022\/12\/02\/batallini-se-despidio-fue-un-honor-y-un-privilegio-vestir-este-escudo\/#google_vignette\">su salida a fin de a\u00f1o pasado<\/a>, <strong>el club le qued\u00f3 debiendo $17.000.000<\/strong>. En marzo hubo un acercamiento de ambas partes <strong>y se acord\u00f3 firmar un plan de pagos de cuatro cuotas, con una quita de $4.000.000<\/strong>.<\/p>\n<p>En las \u00faltimas horas, <strong>Independiente cumpli\u00f3 con lo pactado y le abon\u00f3 la cuarta y \u00faltima cuota de $3.250.000 a Batallini<\/strong>. As\u00ed, el Rey de Copas logr\u00f3 cancelar uno de los tantos acuerdos que ten\u00eda en el debe.<\/p>\n<p><iframe loading=\"lazy\" title=\"YouTube video player\" src=\"https:\/\/www.youtube.com\/embed\/7q4ZPtYwy14\" width=\"560\" height=\"315\" frameborder=\"0\" allowfullscreen=\"allowfullscreen\"><\/iframe><\/p>\n","protected":false},"excerpt":{"rendered":"<p>La gesti\u00f3n que encabeza N\u00e9stor Grindetti contin\u00faa tapando los desajustes hechos por Hugo Moyano y compa\u00f1\u00eda. En las \u00faltimas horas le abon\u00f3 a Dami\u00e1n Batallini la \u00faltima cuota que deb\u00eda y as\u00ed le puso fin a uno de los tantos acuerdos de pago. El extremo de 27 a\u00f1os hab\u00eda llegado a Independiente en enero de [&hellip;]<\/p>\n","protected":false},"author":19,"featured_media":114019,"comment_status":"open","ping_status":"closed","sticky":false,"template":"","format":"standard","meta":{"_links_to":"","_links_to_target":""},"categories":[3280,3247],"tags":[153,4294],"_links":{"self":[{"href":"https:\/\/www.locoxelrojo.com\/independiente\/wp-json\/wp\/v2\/posts\/114018"}],"collection":[{"href":"https:\/\/www.locoxelrojo.com\/independiente\/wp-json\/wp\/v2\/posts"}],"about":[{"href":"https:\/\/www.locoxelrojo.com\/independiente\/wp-json\/wp\/v2\/types\/post"}],"author":[{"embeddable":true,"href":"https:\/\/www.locoxelrojo.com\/independiente\/wp-json\/wp\/v2\/users\/19"}],"replies":[{"embeddable":true,"href":"https:\/\/www.locoxelrojo.com\/independiente\/wp-json\/wp\/v2\/comments?post=114018"}],"version-history":[{"count":1,"href":"https:\/\/www.locoxelrojo.com\/independiente\/wp-json\/wp\/v2\/posts\/114018\/revisions"}],"predecessor-version":[{"id":114020,"href":"https:\/\/www.locoxelrojo.com\/independiente\/wp-json\/wp\/v2\/posts\/114018\/revisions\/114020"}],"wp:featuredmedia":[{"embeddable":true,"href":"https:\/\/www.locoxelrojo.com\/independiente\/wp-json\/wp\/v2\/media\/114019"}],"wp:attachment":[{"href":"https:\/\/www.locoxelrojo.com\/independiente\/wp-json\/wp\/v2\/media?parent=114018"}],"wp:term":[{"taxonomy":"category","embeddable":true,"href":"https:\/\/www.locoxelrojo.com\/independiente\/wp-json\/wp\/v2\/categories?post=114018"},{"taxonomy":"post_tag","embeddable":true,"href":"https:\/\/www.locoxelrojo.com\/independiente\/wp-json\/wp\/v2\/tags?post=114018"}],"curies":[{"name":"wp","href":"https:\/\/api.w.org\/{rel}","templated":true}]}}