{"id":11402,"date":"2011-09-26T18:17:27","date_gmt":"2011-09-26T21:17:27","guid":{"rendered":"http:\/\/www.locoxelrojo.com.ar\/independiente\/?p=11402"},"modified":"2011-09-26T18:17:27","modified_gmt":"2011-09-26T21:17:27","slug":"trabajos-en-guayaquil-y-buenos-aires","status":"publish","type":"post","link":"https:\/\/www.locoxelrojo.com\/independiente\/2011\/09\/26\/trabajos-en-guayaquil-y-buenos-aires\/","title":{"rendered":"Trabajos en Guayaquil y Buenos Aires"},"content":{"rendered":"<p><a href=\"http:\/\/www.locoxelrojo.com.ar\/independiente\/wp-content\/uploads\/2011\/09\/cai-aeropuerto.jpg\"><img loading=\"lazy\" class=\"alignnone size-full wp-image-11403\" title=\"cai-aeropuerto\" src=\"http:\/\/www.locoxelrojo.com.ar\/independiente\/wp-content\/uploads\/2011\/09\/cai-aeropuerto.jpg\" alt=\"\" width=\"590\" height=\"315\" srcset=\"https:\/\/locoxelrojo.com\/independiente\/wp-content\/uploads\/2011\/09\/cai-aeropuerto.jpg 590w, https:\/\/locoxelrojo.com\/independiente\/wp-content\/uploads\/2011\/09\/cai-aeropuerto-300x160.jpg 300w\" sizes=\"(max-width: 590px) 100vw, 590px\" \/><\/a><\/p>\n<p>La delegaci\u00f3n de Independiente ya lleg\u00f3 a Guayaquil para comenzar los trabajos previos al partido del mi\u00e9rcoles frente a Liga de Quito en el debut de la Copa Sudamericana 2011. Un grupo importante de jugadores se qued\u00f3 en Buenos Aires pensando en el Cl\u00e1sico de Avellaneda contra Racing.<\/p>\n<p><strong>Hoy a partir de las 19 hs el plantel trabajar\u00e1 en el Estadio Monumental de Barcelona, ma\u00f1ana va a repetir otra jornada de entrenamientos y permanecera en la ciudad hasta horas antes del partido para viajar rumbo a Quito en un vuelo charter. Junto a Ram\u00f3n D\u00edaz viajo su hijo Emiliano, quien es uno de sus ayudantes de campo.<\/strong><\/p>\n<p><strong>La delegaci\u00f3n que est\u00e1 en Guayaquil la componen:<\/strong><\/p>\n<p><strong>Arqueros:<\/strong> Hilario Navarro, Adri\u00e1n Gabbarini.<br \/>\n<strong>Defensores:<\/strong> Adri\u00e1n Argach\u00e1, Leonel Galeano, Cristian B\u00e1ez, Carlos Matheu, Juli\u00e1n Vel\u00e1zquez, Iv\u00e1n V\u00e9lez.<br \/>\n<strong>Volantes:<\/strong> Fernando Godoy, Walter Busse, Gino Clara, Nicol\u00e1s Delmonte, Iv\u00e1n P\u00e9rez, Osmar Ferreyra.<br \/>\n<strong>Delanteros:<\/strong> Brian Nieva, Leonel N\u00fa\u00f1ez, Marco P\u00e9rez, Mat\u00edas Defederico.<\/p>\n<p>Del equipo poco se sabe, en estos d\u00edas de trabajo D\u00edaz ver\u00e1 quienes son los que est\u00e1n mejor fisicamente para enfrentar a la Liga.<\/p>\n<p><strong>Mientras tanto, en Buenos Aires, Sebasti\u00e1n Rambert va a estar a cargo del entrenamiento de ma\u00f1ana en el predio de Villa Dom\u00ednico junto al resto del plantel que se qued\u00f3 de cara al cl\u00e1sico del domingo frente a Racing. <\/strong><\/p>\n<p>Fabi\u00e1n Assmann, Gabriel Milito, Eduardo Tuzzio, Maximiliano Vel\u00e1zquez, Cristian Pellerano y Facundo Parra, Patricio Rodr\u00edguez, Hern\u00e1n Fredes y el resto de los juveniles son los que van a trabajar con el ayudante de Ram\u00f3n.<\/p>\n<p>Se espera que frente a la Academia Assmann sea quien ocupe el arco del Rojo y Patricio Rodr\u00edguez este en \u00f3ptimas condiciones para jugar. Hern\u00e1n Fredes es el m\u00e1s complicado ya que todav\u00eda se est\u00e1 recuperando de su desgarro.<\/p>\n","protected":false},"excerpt":{"rendered":"<p>La delegaci\u00f3n de Independiente ya lleg\u00f3 a Guayaquil para comenzar los trabajos previos al partido del mi\u00e9rcoles frente a Liga de Quito en el debut de la Copa Sudamericana 2011. Un grupo importante de jugadores se qued\u00f3 en Buenos Aires pensando en el Cl\u00e1sico de Avellaneda contra Racing. Hoy a partir de las 19 hs [&hellip;]<\/p>\n","protected":false},"author":1,"featured_media":0,"comment_status":"open","ping_status":"open","sticky":false,"template":"","format":"standard","meta":{"_links_to":"","_links_to_target":""},"categories":[7,3,1],"tags":[153,1009,261,622,500,1004],"_links":{"self":[{"href":"https:\/\/www.locoxelrojo.com\/independiente\/wp-json\/wp\/v2\/posts\/11402"}],"collection":[{"href":"https:\/\/www.locoxelrojo.com\/independiente\/wp-json\/wp\/v2\/posts"}],"about":[{"href":"https:\/\/www.locoxelrojo.com\/independiente\/wp-json\/wp\/v2\/types\/post"}],"author":[{"embeddable":true,"href":"https:\/\/www.locoxelrojo.com\/independiente\/wp-json\/wp\/v2\/users\/1"}],"replies":[{"embeddable":true,"href":"https:\/\/www.locoxelrojo.com\/independiente\/wp-json\/wp\/v2\/comments?post=11402"}],"version-history":[{"count":0,"href":"https:\/\/www.locoxelrojo.com\/independiente\/wp-json\/wp\/v2\/posts\/11402\/revisions"}],"wp:attachment":[{"href":"https:\/\/www.locoxelrojo.com\/independiente\/wp-json\/wp\/v2\/media?parent=11402"}],"wp:term":[{"taxonomy":"category","embeddable":true,"href":"https:\/\/www.locoxelrojo.com\/independiente\/wp-json\/wp\/v2\/categories?post=11402"},{"taxonomy":"post_tag","embeddable":true,"href":"https:\/\/www.locoxelrojo.com\/independiente\/wp-json\/wp\/v2\/tags?post=11402"}],"curies":[{"name":"wp","href":"https:\/\/api.w.org\/{rel}","templated":true}]}}