{"id":114038,"date":"2023-07-21T08:30:02","date_gmt":"2023-07-21T11:30:02","guid":{"rendered":"https:\/\/www.locoxelrojo.com\/independiente\/?p=114038"},"modified":"2023-07-21T17:27:57","modified_gmt":"2023-07-21T20:27:57","slug":"nacional-se-lleva-a-renzo-bacchia","status":"publish","type":"post","link":"https:\/\/www.locoxelrojo.com\/independiente\/2023\/07\/21\/nacional-se-lleva-a-renzo-bacchia\/","title":{"rendered":"\u00bfNacional se lleva a Renzo Bacchia?"},"content":{"rendered":"<p>En las \u00faltimas horas surgi\u00f3 el inter\u00e9s de <strong>Nacional de Montevideo<\/strong> para llevarse a <strong>Renzo Bacchia<\/strong>, jugador de <strong>Independiente<\/strong> a pr\u00e9stamo en <strong>Cerro Largo<\/strong> de Uruguay.<\/p>\n<p>El Bolso necesita un arquero para pelear los octavos de la <strong>Copa Libertadores<\/strong> (enfrenta a Boca Juniors) tras la salida de <strong>Sebasti\u00e1n Rochet<\/strong>. Y el arquero surgido de las Inferiores del Rojo es una de las opciones que manejan.<\/p>\n<p><strong>El arquero Charr\u00faa se encuentra cedido hasta finales de 2023 y su contrato en el Rey de Copas finaliza en 2024<\/strong>, por ende, si Nacional quiere tenerlo en su filas, deber\u00e1 negociar con Independiente.<\/p>\n<p>Actualmente se est\u00e1 recuperando de una lesi\u00f3n que lo margin\u00f3 de las canchas por dos meses en el predio de Villa Dom\u00ednico. El joven de 24 a\u00f1os se expres\u00f3 respecto al inter\u00e9s del Bolso: <strong>&#8220;Un poco por arriba me enter\u00e9 del inter\u00e9s de Nacional. Mi objetivo era recuperarme al 100% y tener la cabeza centrada en eso, pero sab\u00eda lo de Nacional y me hace feliz que un equipo de esa magnitud est\u00e9 interesado por m\u00ed&#8221;<\/strong>.<\/p>\n<p>Para cerrar, dio detalles de c\u00f3mo va la negociaci\u00f3n: <strong>&#8220;Creo que est\u00e1n hablando. Mi padre est\u00e1 manejando el tema con la gente de Independiente. Yo no pongo l\u00edmites de tiempo. Hablan ellos y luego me informar\u00e1n qu\u00e9 es lo concreto&#8221;<\/strong>.<\/p>\n<p>Bacchia tuvo un gran rendimiento durante su corta estad\u00eda en Uruguay: <strong>jug\u00f3 12 partidos, le convirtieron 8 goles y tuvo 7 vallas invictas<\/strong>. Eso lo llev\u00f3 a ser uno de los mejores jugadores en su puesto en el f\u00fatbol oriental.<\/p>\n","protected":false},"excerpt":{"rendered":"<p>En las \u00faltimas horas surgi\u00f3 el inter\u00e9s de Nacional de Montevideo para llevarse a Renzo Bacchia, jugador de Independiente a pr\u00e9stamo en Cerro Largo de Uruguay. El Bolso necesita un arquero para pelear los octavos de la Copa Libertadores (enfrenta a Boca Juniors) tras la salida de Sebasti\u00e1n Rochet. Y el arquero surgido de las [&hellip;]<\/p>\n","protected":false},"author":101034,"featured_media":103674,"comment_status":"open","ping_status":"closed","sticky":false,"template":"","format":"standard","meta":{"_links_to":"","_links_to_target":""},"categories":[3297,3247],"tags":[153,2988,3958],"_links":{"self":[{"href":"https:\/\/www.locoxelrojo.com\/independiente\/wp-json\/wp\/v2\/posts\/114038"}],"collection":[{"href":"https:\/\/www.locoxelrojo.com\/independiente\/wp-json\/wp\/v2\/posts"}],"about":[{"href":"https:\/\/www.locoxelrojo.com\/independiente\/wp-json\/wp\/v2\/types\/post"}],"author":[{"embeddable":true,"href":"https:\/\/www.locoxelrojo.com\/independiente\/wp-json\/wp\/v2\/users\/101034"}],"replies":[{"embeddable":true,"href":"https:\/\/www.locoxelrojo.com\/independiente\/wp-json\/wp\/v2\/comments?post=114038"}],"version-history":[{"count":1,"href":"https:\/\/www.locoxelrojo.com\/independiente\/wp-json\/wp\/v2\/posts\/114038\/revisions"}],"predecessor-version":[{"id":114039,"href":"https:\/\/www.locoxelrojo.com\/independiente\/wp-json\/wp\/v2\/posts\/114038\/revisions\/114039"}],"wp:featuredmedia":[{"embeddable":true,"href":"https:\/\/www.locoxelrojo.com\/independiente\/wp-json\/wp\/v2\/media\/103674"}],"wp:attachment":[{"href":"https:\/\/www.locoxelrojo.com\/independiente\/wp-json\/wp\/v2\/media?parent=114038"}],"wp:term":[{"taxonomy":"category","embeddable":true,"href":"https:\/\/www.locoxelrojo.com\/independiente\/wp-json\/wp\/v2\/categories?post=114038"},{"taxonomy":"post_tag","embeddable":true,"href":"https:\/\/www.locoxelrojo.com\/independiente\/wp-json\/wp\/v2\/tags?post=114038"}],"curies":[{"name":"wp","href":"https:\/\/api.w.org\/{rel}","templated":true}]}}