{"id":11405,"date":"2011-09-26T18:30:29","date_gmt":"2011-09-26T21:30:29","guid":{"rendered":"http:\/\/www.locoxelrojo.com.ar\/independiente\/?p=11405"},"modified":"2015-09-15T23:01:30","modified_gmt":"2015-09-16T02:01:30","slug":"hoy-de-22-a-24-locoxelrojo-radio","status":"publish","type":"post","link":"https:\/\/www.locoxelrojo.com\/independiente\/2011\/09\/26\/hoy-de-22-a-24-locoxelrojo-radio\/","title":{"rendered":"Hoy de 22 a 24, LXR Radio"},"content":{"rendered":"<p><a href=\"http:\/\/www.locoxelrojo.com.ar\/independiente\/wp-content\/uploads\/2011\/09\/lxr2011radio31.jpg\"><img loading=\"lazy\" class=\"alignnone size-full wp-image-11406\" title=\"lxr2011radio3\" src=\"http:\/\/www.locoxelrojo.com.ar\/independiente\/wp-content\/uploads\/2011\/09\/lxr2011radio31.jpg\" alt=\"\" width=\"590\" height=\"315\" srcset=\"https:\/\/locoxelrojo.com\/independiente\/wp-content\/uploads\/2011\/09\/lxr2011radio31.jpg 590w, https:\/\/locoxelrojo.com\/independiente\/wp-content\/uploads\/2011\/09\/lxr2011radio31-300x160.jpg 300w\" sizes=\"(max-width: 590px) 100vw, 590px\" \/><\/a><\/p>\n<p>Hoy lunes de 22 a 24 te esperamos con todas las novedades del Club Atl\u00e9tico Independiente. Vamos hablar sobre la victoria en Rafaela, la derrota frente V\u00e9lez. El viaje de Independiente a Ecuador para el debut en la Copa Sudamericana 2011, la acutalidad pol\u00edtica del club y las voces de los protagonistas.<\/p>\n<p><strong>Adem\u00e1s fuimos testigos del ingreso de Hilario Navarro a la platea para agredir a un hincha de Independiente. Parte del Staff de LXR estuvo ah\u00ed y va a contar la verdad. Lo que se dijo y lo que se trat\u00f3 de ocultar.<\/strong><\/p>\n<p>La palabra de los periodistas de los medios m\u00e1s importantes del pa\u00eds contando el futuro de Independiente, en esta seguidilla de partidos importantes en tan poco tiempo. Y toda la informaci\u00f3n sobre las diferentes actividades del club.<\/p>\n<p>Seguinos desde todo Zona Sur por <strong>FM 88.5<\/strong> o particip\u00e1 e interactu\u00e1 v\u00eda:<\/p>\n<p>\u2714<a href=\"http:\/\/twitter.com\/locoxelrojoweb\">Twitter<\/a><\/p>\n<p>\u2714<a href=\"http:\/\/www.facebook.com\/locoxelrojoweb\">Facebook<\/a><\/p>\n<p>\u2714<a href=\"http:\/\/youtube.com\/locoxelrojoweb\">Youtube<\/a><\/p>\n<p>\u2714 Tambi\u00e9n podes escuchar nuestro programa por Internet en <a href=\"http:\/\/www.citricaradio.com.ar\/\">C\u00edtrica Radio<\/a><\/p>\n","protected":false},"excerpt":{"rendered":"<p>Hoy lunes de 22 a 24 te esperamos con todas las novedades del Club Atl\u00e9tico Independiente. Vamos hablar sobre la victoria en Rafaela, la derrota frente V\u00e9lez. El viaje de Independiente a Ecuador para el debut en la Copa Sudamericana 2011, la acutalidad pol\u00edtica del club y las voces de los protagonistas. Adem\u00e1s fuimos testigos [&hellip;]<\/p>\n","protected":false},"author":1,"featured_media":0,"comment_status":"open","ping_status":"open","sticky":false,"template":"","format":"standard","meta":{"_links_to":"","_links_to_target":""},"categories":[17,1],"tags":[153,945,3268],"_links":{"self":[{"href":"https:\/\/www.locoxelrojo.com\/independiente\/wp-json\/wp\/v2\/posts\/11405"}],"collection":[{"href":"https:\/\/www.locoxelrojo.com\/independiente\/wp-json\/wp\/v2\/posts"}],"about":[{"href":"https:\/\/www.locoxelrojo.com\/independiente\/wp-json\/wp\/v2\/types\/post"}],"author":[{"embeddable":true,"href":"https:\/\/www.locoxelrojo.com\/independiente\/wp-json\/wp\/v2\/users\/1"}],"replies":[{"embeddable":true,"href":"https:\/\/www.locoxelrojo.com\/independiente\/wp-json\/wp\/v2\/comments?post=11405"}],"version-history":[{"count":0,"href":"https:\/\/www.locoxelrojo.com\/independiente\/wp-json\/wp\/v2\/posts\/11405\/revisions"}],"wp:attachment":[{"href":"https:\/\/www.locoxelrojo.com\/independiente\/wp-json\/wp\/v2\/media?parent=11405"}],"wp:term":[{"taxonomy":"category","embeddable":true,"href":"https:\/\/www.locoxelrojo.com\/independiente\/wp-json\/wp\/v2\/categories?post=11405"},{"taxonomy":"post_tag","embeddable":true,"href":"https:\/\/www.locoxelrojo.com\/independiente\/wp-json\/wp\/v2\/tags?post=11405"}],"curies":[{"name":"wp","href":"https:\/\/api.w.org\/{rel}","templated":true}]}}