{"id":114053,"date":"2023-07-22T14:41:43","date_gmt":"2023-07-22T17:41:43","guid":{"rendered":"https:\/\/www.locoxelrojo.com\/independiente\/?p=114053"},"modified":"2023-07-22T17:56:43","modified_gmt":"2023-07-22T20:56:43","slug":"concentrados-vs-atletico-tucuman-el-ruso-mete-tres-cambios","status":"publish","type":"post","link":"https:\/\/www.locoxelrojo.com\/independiente\/2023\/07\/22\/concentrados-vs-atletico-tucuman-el-ruso-mete-tres-cambios\/","title":{"rendered":"Concentrados vs. Atl\u00e9tico Tucum\u00e1n: el Ruso mete tres cambios"},"content":{"rendered":"<p><strong>Ricardo Zielinski<\/strong> confirm\u00f3 la lista de citados que viajan al norte del pa\u00eds para visitar este domingo a <strong>Atl\u00e9tico Tucum\u00e1n<\/strong> por la fecha 26 de la <strong>Liga Profesional<\/strong>. <strong>El t\u00e9cnico de Independiente mete tres variantes respecto a la \u00faltima n\u00f3mina<\/strong>.<\/p>\n<p><strong>Una variante obligada y dos t\u00e1cticas introducir\u00e1 el DT<\/strong> para la ante\u00faltima jornada. El Rey de Copas va con el objetivo de seguir por la senda del triunfo, la misma que no pudo permitirle hilvanar dos victorias seguidas en todo el campeonato.<\/p>\n<h4>Para eso Zielinski <strong>sac\u00f3 a Edgar Elizalde (suspendido), David Mart\u00ednez y Javier Ruiz y meti\u00f3 a Luciano G\u00f3mez (recuperado de su molestia), Agust\u00edn Quiroga y Tom\u00e1s Rambert<\/strong>. El resto de los nombres se mantienen igual que los que hab\u00edan viajado a Santiago del Estero la semana pasada.<\/h4>\n<h4>Los 23 convocados<\/h4>\n<p><span style=\"text-decoration: underline;\"><strong>Arqueros:<\/strong><\/span> Diego Segovia y Rodrigo Rey.<\/p>\n<p><span style=\"text-decoration: underline;\"><strong>Defensores:<\/strong><\/span> Joaqu\u00edn Laso, Patricio Ostachuk, Javier B\u00e1ez, Dami\u00e1n P\u00e9rez, Luciano G\u00f3mez, Agust\u00edn Quiroga y Ayrton Costa.<\/p>\n<p><span style=\"text-decoration: underline;\"><strong>Mediocampistas:<\/strong><\/span> Agust\u00edn Mulet, Kevin L\u00f3pez, Mart\u00edn Sarrafiore, Iv\u00e1n Marcone, Sergio Ortiz, Baltasar Barcia y Santiago Salle.<\/p>\n<p><span style=\"text-decoration: underline;\"><strong>Delanteros:<\/strong><\/span> Mart\u00edn Cauteruccio, Santiago Hidalgo, Tom\u00e1s Rambert, Nicol\u00e1s Vallejo, Braian Mart\u00ednez, Mat\u00edas Gim\u00e9nez y Santiago L\u00f3pez.<\/p>\n<blockquote class=\"twitter-tweet\">\n<p dir=\"ltr\" lang=\"es\">\u00a1Nos vamos a Tucum\u00e1n! \u2708\ufe0f<a href=\"https:\/\/twitter.com\/hashtag\/TodoRojo?src=hash&amp;ref_src=twsrc%5Etfw\">#TodoRojo<\/a>  <a href=\"https:\/\/t.co\/hTMe1us0SZ\">pic.twitter.com\/hTMe1us0SZ<\/a><\/p>\n<p>\u2014 C. A. Independiente (@Independiente) <a href=\"https:\/\/twitter.com\/Independiente\/status\/1682848811863998464?ref_src=twsrc%5Etfw\">July 22, 2023<\/a><\/p><\/blockquote>\n<p><script async src=\"https:\/\/platform.twitter.com\/widgets.js\" charset=\"utf-8\"><\/script><\/p>\n","protected":false},"excerpt":{"rendered":"<p>Ricardo Zielinski confirm\u00f3 la lista de citados que viajan al norte del pa\u00eds para visitar este domingo a Atl\u00e9tico Tucum\u00e1n por la fecha 26 de la Liga Profesional. El t\u00e9cnico de Independiente mete tres variantes respecto a la \u00faltima n\u00f3mina. Una variante obligada y dos t\u00e1cticas introducir\u00e1 el DT para la ante\u00faltima jornada. El Rey [&hellip;]<\/p>\n","protected":false},"author":19,"featured_media":114054,"comment_status":"open","ping_status":"closed","sticky":false,"template":"","format":"standard","meta":{"_links_to":"","_links_to_target":""},"categories":[3247,3],"tags":[4805,297,153,2024,5275,5325,4151],"_links":{"self":[{"href":"https:\/\/www.locoxelrojo.com\/independiente\/wp-json\/wp\/v2\/posts\/114053"}],"collection":[{"href":"https:\/\/www.locoxelrojo.com\/independiente\/wp-json\/wp\/v2\/posts"}],"about":[{"href":"https:\/\/www.locoxelrojo.com\/independiente\/wp-json\/wp\/v2\/types\/post"}],"author":[{"embeddable":true,"href":"https:\/\/www.locoxelrojo.com\/independiente\/wp-json\/wp\/v2\/users\/19"}],"replies":[{"embeddable":true,"href":"https:\/\/www.locoxelrojo.com\/independiente\/wp-json\/wp\/v2\/comments?post=114053"}],"version-history":[{"count":1,"href":"https:\/\/www.locoxelrojo.com\/independiente\/wp-json\/wp\/v2\/posts\/114053\/revisions"}],"predecessor-version":[{"id":114055,"href":"https:\/\/www.locoxelrojo.com\/independiente\/wp-json\/wp\/v2\/posts\/114053\/revisions\/114055"}],"wp:featuredmedia":[{"embeddable":true,"href":"https:\/\/www.locoxelrojo.com\/independiente\/wp-json\/wp\/v2\/media\/114054"}],"wp:attachment":[{"href":"https:\/\/www.locoxelrojo.com\/independiente\/wp-json\/wp\/v2\/media?parent=114053"}],"wp:term":[{"taxonomy":"category","embeddable":true,"href":"https:\/\/www.locoxelrojo.com\/independiente\/wp-json\/wp\/v2\/categories?post=114053"},{"taxonomy":"post_tag","embeddable":true,"href":"https:\/\/www.locoxelrojo.com\/independiente\/wp-json\/wp\/v2\/tags?post=114053"}],"curies":[{"name":"wp","href":"https:\/\/api.w.org\/{rel}","templated":true}]}}