{"id":114101,"date":"2023-07-25T15:16:22","date_gmt":"2023-07-25T18:16:22","guid":{"rendered":"https:\/\/www.locoxelrojo.com\/independiente\/?p=114101"},"modified":"2023-07-25T15:18:30","modified_gmt":"2023-07-25T18:18:30","slug":"la-reserva-se-despidio-con-una-derrota-ante-boca","status":"publish","type":"post","link":"https:\/\/www.locoxelrojo.com\/independiente\/2023\/07\/25\/la-reserva-se-despidio-con-una-derrota-ante-boca\/","title":{"rendered":"La Reserva se despidi\u00f3 con una derrota ante Boca"},"content":{"rendered":"<p>Por la fecha 27 del Torneo Proyecci\u00f3n, <strong>la Reserva de Independiente perdi\u00f3 2-0 en el cl\u00e1sico ante Boca Juniors <\/strong>en el Predio de Ezeiza del Xeneize. <strong>Santiago Hidalgo se lesion\u00f3 el tobillo y es duda para el s\u00e1bado en Primera<\/strong>.<\/p>\n<p>El equipo de Pedro Monzon form\u00f3 con <strong>Manuel Tasso; Luciano Barros Ayala, Axel Poza, El\u00edas Quiroga, Agust\u00edn Quiroga; Tom\u00e1s Rambert, David Mart\u00ednez, Rodrigo Atencio; Lautaro Mill\u00e1n, Hidalgo y Santiago L\u00f3pez<\/strong>.<\/p>\n<p>El Rojo empez\u00f3 perdiendo a los 31&#8242; del primer tiempo por el gol de Santiago Dalmasso de cabeza tras un centro al primer palo de Sim\u00f3n Rivero. A los 46&#8242; del complemento, Tom\u00e1s Bustos estir\u00f3 la ventaja a 2-0 y le dio cifras definitivas al encuentro por la \u00faltima fecha del campeonato.<\/p>\n<p><strong>La alarma la encendi\u00f3 Santi Hidalgo, quien sali\u00f3 con una molestia en su tobillo izquierdo y es duda para el partido ante el conjunto de La Ribera el s\u00e1bado a partir de las 17<\/strong>.<\/p>\n<p>Con esta derrota, <strong>el equipo dirigido por Monz\u00f3n termin\u00f3 el torneo con 43 puntos en la novena posici\u00f3n y a 25 unidades de V\u00e9lez<\/strong>, campe\u00f3n del certamen.<\/p>\n<blockquote class=\"instagram-media\" style=\"background: #FFF; border: 0; border-radius: 3px; box-shadow: 0 0 1px 0 rgba(0,0,0,0.5),0 1px 10px 0 rgba(0,0,0,0.15); margin: 1px; max-width: 540px; min-width: 326px; padding: 0; width: calc(100% - 2px);\" data-instgrm-captioned=\"\" data-instgrm-permalink=\"https:\/\/www.instagram.com\/p\/CvIHjwfudYz\/?utm_source=ig_embed&amp;utm_campaign=loading\" data-instgrm-version=\"14\">\n<div style=\"padding: 16px;\">\n<p>&nbsp;<\/p>\n<div style=\"display: flex; flex-direction: row; align-items: center;\">\n<div style=\"background-color: #f4f4f4; border-radius: 50%; flex-grow: 0; height: 40px; margin-right: 14px; width: 40px;\"><\/div>\n<div style=\"display: flex; flex-direction: column; flex-grow: 1; justify-content: center;\">\n<div style=\"background-color: #f4f4f4; border-radius: 4px; flex-grow: 0; height: 14px; margin-bottom: 6px; width: 100px;\"><\/div>\n<div style=\"background-color: #f4f4f4; border-radius: 4px; flex-grow: 0; height: 14px; width: 60px;\"><\/div>\n<\/div>\n<\/div>\n<div style=\"padding: 19% 0;\"><\/div>\n<div style=\"display: block; height: 50px; margin: 0 auto 12px; width: 50px;\"><\/div>\n<div style=\"padding-top: 8px;\">\n<div style=\"color: #3897f0; font-family: Arial,sans-serif; font-size: 14px; font-style: normal; font-weight: 550; line-height: 18px;\">Ver esta publicaci\u00f3n en Instagram<\/div>\n<\/div>\n<div style=\"padding: 12.5% 0;\"><\/div>\n<div style=\"display: flex; flex-direction: row; margin-bottom: 14px; align-items: center;\">\n<div>\n<div style=\"background-color: #f4f4f4; border-radius: 50%; height: 12.5px; width: 12.5px; transform: translateX(0px) translateY(7px);\"><\/div>\n<div style=\"background-color: #f4f4f4; height: 12.5px; transform: rotate(-45deg) translateX(3px) translateY(1px); width: 12.5px; flex-grow: 0; margin-right: 14px; margin-left: 2px;\"><\/div>\n<div style=\"background-color: #f4f4f4; border-radius: 50%; height: 12.5px; width: 12.5px; transform: translateX(9px) translateY(-18px);\"><\/div>\n<\/div>\n<div style=\"margin-left: 8px;\">\n<div style=\"background-color: #f4f4f4; border-radius: 50%; flex-grow: 0; height: 20px; width: 20px;\"><\/div>\n<div style=\"width: 0; height: 0; border-top: 2px solid transparent; border-left: 6px solid #f4f4f4; border-bottom: 2px solid transparent; transform: translateX(16px) translateY(-4px) rotate(30deg);\"><\/div>\n<\/div>\n<div style=\"margin-left: auto;\">\n<div style=\"width: 0px; border-top: 8px solid #F4F4F4; border-right: 8px solid transparent; transform: translateY(16px);\"><\/div>\n<div style=\"background-color: #f4f4f4; flex-grow: 0; height: 12px; width: 16px; transform: translateY(-4px);\"><\/div>\n<div style=\"width: 0; height: 0; border-top: 8px solid #F4F4F4; border-left: 8px solid transparent; transform: translateY(-4px) translateX(8px);\"><\/div>\n<\/div>\n<\/div>\n<div style=\"display: flex; flex-direction: column; flex-grow: 1; justify-content: center; margin-bottom: 24px;\">\n<div style=\"background-color: #f4f4f4; border-radius: 4px; flex-grow: 0; height: 14px; margin-bottom: 6px; width: 224px;\"><\/div>\n<div style=\"background-color: #f4f4f4; border-radius: 4px; flex-grow: 0; height: 14px; width: 144px;\"><\/div>\n<\/div>\n<p>&nbsp;<\/p>\n<p style=\"color: #c9c8cd; font-family: Arial,sans-serif; font-size: 14px; line-height: 17px; margin-bottom: 0; margin-top: 8px; overflow: hidden; padding: 8px 0 7px; text-align: center; text-overflow: ellipsis; white-space: nowrap;\"><a style=\"color: #c9c8cd; font-family: Arial,sans-serif; font-size: 14px; font-style: normal; font-weight: normal; line-height: 17px; text-decoration: none;\" href=\"https:\/\/www.instagram.com\/p\/CvIHjwfudYz\/?utm_source=ig_embed&amp;utm_campaign=loading\" target=\"_blank\" rel=\"noopener\">Una publicaci\u00f3n compartida por LocoXelRojo.com (@locoxelrojoweb)<\/a><\/p>\n<\/div>\n<\/blockquote>\n<p><script async src=\"\/\/www.instagram.com\/embed.js\"><\/script><\/p>\n","protected":false},"excerpt":{"rendered":"<p>Por la fecha 27 del Torneo Proyecci\u00f3n, la Reserva de Independiente perdi\u00f3 2-0 en el cl\u00e1sico ante Boca Juniors en el Predio de Ezeiza del Xeneize. Santiago Hidalgo se lesion\u00f3 el tobillo y es duda para el s\u00e1bado en Primera. El equipo de Pedro Monzon form\u00f3 con Manuel Tasso; Luciano Barros Ayala, Axel Poza, El\u00edas [&hellip;]<\/p>\n","protected":false},"author":101034,"featured_media":114102,"comment_status":"open","ping_status":"closed","sticky":false,"template":"","format":"standard","meta":{"_links_to":"","_links_to_target":""},"categories":[3247,141],"tags":[193,153,3270,4200],"_links":{"self":[{"href":"https:\/\/www.locoxelrojo.com\/independiente\/wp-json\/wp\/v2\/posts\/114101"}],"collection":[{"href":"https:\/\/www.locoxelrojo.com\/independiente\/wp-json\/wp\/v2\/posts"}],"about":[{"href":"https:\/\/www.locoxelrojo.com\/independiente\/wp-json\/wp\/v2\/types\/post"}],"author":[{"embeddable":true,"href":"https:\/\/www.locoxelrojo.com\/independiente\/wp-json\/wp\/v2\/users\/101034"}],"replies":[{"embeddable":true,"href":"https:\/\/www.locoxelrojo.com\/independiente\/wp-json\/wp\/v2\/comments?post=114101"}],"version-history":[{"count":1,"href":"https:\/\/www.locoxelrojo.com\/independiente\/wp-json\/wp\/v2\/posts\/114101\/revisions"}],"predecessor-version":[{"id":114103,"href":"https:\/\/www.locoxelrojo.com\/independiente\/wp-json\/wp\/v2\/posts\/114101\/revisions\/114103"}],"wp:featuredmedia":[{"embeddable":true,"href":"https:\/\/www.locoxelrojo.com\/independiente\/wp-json\/wp\/v2\/media\/114102"}],"wp:attachment":[{"href":"https:\/\/www.locoxelrojo.com\/independiente\/wp-json\/wp\/v2\/media?parent=114101"}],"wp:term":[{"taxonomy":"category","embeddable":true,"href":"https:\/\/www.locoxelrojo.com\/independiente\/wp-json\/wp\/v2\/categories?post=114101"},{"taxonomy":"post_tag","embeddable":true,"href":"https:\/\/www.locoxelrojo.com\/independiente\/wp-json\/wp\/v2\/tags?post=114101"}],"curies":[{"name":"wp","href":"https:\/\/api.w.org\/{rel}","templated":true}]}}