{"id":11415,"date":"2011-09-27T15:49:34","date_gmt":"2011-09-27T18:49:34","guid":{"rendered":"http:\/\/www.locoxelrojo.com.ar\/independiente\/?p=11415"},"modified":"2011-09-27T15:49:34","modified_gmt":"2011-09-27T18:49:34","slug":"assmann-es-el-mejor-racing-que-me-toca-enfrentar","status":"publish","type":"post","link":"https:\/\/www.locoxelrojo.com\/independiente\/2011\/09\/27\/assmann-es-el-mejor-racing-que-me-toca-enfrentar\/","title":{"rendered":"Assmann: &#8220;Es el mejor Racing que me toca enfrentar&#8221;"},"content":{"rendered":"<p><a href=\"http:\/\/www.locoxelrojo.com.ar\/independiente\/wp-content\/uploads\/2011\/09\/assmann_nota.jpg\"><img loading=\"lazy\" class=\"alignnone size-full wp-image-11416\" title=\"assmann_nota\" src=\"http:\/\/www.locoxelrojo.com.ar\/independiente\/wp-content\/uploads\/2011\/09\/assmann_nota.jpg\" alt=\"\" width=\"590\" height=\"315\" srcset=\"https:\/\/locoxelrojo.com\/independiente\/wp-content\/uploads\/2011\/09\/assmann_nota.jpg 590w, https:\/\/locoxelrojo.com\/independiente\/wp-content\/uploads\/2011\/09\/assmann_nota-300x160.jpg 300w\" sizes=\"(max-width: 590px) 100vw, 590px\" \/><\/a><\/p>\n<p>Fabi\u00e1n Assmann es uno de los jugadores que se quedaron trabajando en Villa Dom\u00ednico junto a Sebasti\u00e1n Rambert de cara al partido del domingo frente a Racing. Si bien antes esta el debut en la Copa Sudamericana frente a Liga de Quito, todo Independiente ya piensa en el Cl\u00e1sico de Avellaneda.<\/p>\n<p><strong>\u201cQue venga el cl\u00e1sico est\u00e1 bueno porque si se gana, se puede calmar la situaci\u00f3n y pensar en otra cosa. Si pasa lo contrario, estar\u00eda dif\u00edcil. Hay que encarar ese partido como el partido del a\u00f1o. Si hacemos un buen juego y lo ganamos ser\u00e1 muy bueno para ganar confianza\u201d<\/strong>. Y advierte: <strong>\u201cSon partidos aparte. La rivalidad entre la gente, son muchas cosas en la balanza y va a ser fundamental que lo ganemos\u201d.<\/strong><\/p>\n<p>Adem\u00e1s el arquero que se qued\u00f3 en Buenos Aires poniendose a punto para el domingo, prendi\u00f3 la luz de roja y abri\u00f3 el paraguas para que ninguno se conf\u00ede. <strong>\u201cEste Racing es el mejor que me toca enfrentar\u201d<\/strong>, declar\u00f3.<\/p>\n<p>Enfrente tendr\u00e1 a Teofilo Gutierrez quien con sus goles se gan\u00f3 a la gente de la Academia y ya lo tuvo que sufrir en el cl\u00e1sico pasado.<strong> \u201cEs muy completo, no solo a la hora de definir si no a la hora de ver el juego. Enseguida va a buscar la opci\u00f3n de gol&#8221;<\/strong>, dijo Assmann. Pero tambi\u00e9n se tomo unos segundos para ponerle un poco de picante al duelo: <strong>&#8220;el mejor definidor es Silvera\u201d<\/strong>.<\/p>\n","protected":false},"excerpt":{"rendered":"<p>Fabi\u00e1n Assmann es uno de los jugadores que se quedaron trabajando en Villa Dom\u00ednico junto a Sebasti\u00e1n Rambert de cara al partido del domingo frente a Racing. Si bien antes esta el debut en la Copa Sudamericana frente a Liga de Quito, todo Independiente ya piensa en el Cl\u00e1sico de Avellaneda. \u201cQue venga el cl\u00e1sico [&hellip;]<\/p>\n","protected":false},"author":1,"featured_media":0,"comment_status":"open","ping_status":"open","sticky":false,"template":"","format":"standard","meta":{"_links_to":"","_links_to_target":""},"categories":[3,1],"tags":[134,153,78,210,548],"_links":{"self":[{"href":"https:\/\/www.locoxelrojo.com\/independiente\/wp-json\/wp\/v2\/posts\/11415"}],"collection":[{"href":"https:\/\/www.locoxelrojo.com\/independiente\/wp-json\/wp\/v2\/posts"}],"about":[{"href":"https:\/\/www.locoxelrojo.com\/independiente\/wp-json\/wp\/v2\/types\/post"}],"author":[{"embeddable":true,"href":"https:\/\/www.locoxelrojo.com\/independiente\/wp-json\/wp\/v2\/users\/1"}],"replies":[{"embeddable":true,"href":"https:\/\/www.locoxelrojo.com\/independiente\/wp-json\/wp\/v2\/comments?post=11415"}],"version-history":[{"count":0,"href":"https:\/\/www.locoxelrojo.com\/independiente\/wp-json\/wp\/v2\/posts\/11415\/revisions"}],"wp:attachment":[{"href":"https:\/\/www.locoxelrojo.com\/independiente\/wp-json\/wp\/v2\/media?parent=11415"}],"wp:term":[{"taxonomy":"category","embeddable":true,"href":"https:\/\/www.locoxelrojo.com\/independiente\/wp-json\/wp\/v2\/categories?post=11415"},{"taxonomy":"post_tag","embeddable":true,"href":"https:\/\/www.locoxelrojo.com\/independiente\/wp-json\/wp\/v2\/tags?post=11415"}],"curies":[{"name":"wp","href":"https:\/\/api.w.org\/{rel}","templated":true}]}}