{"id":114176,"date":"2023-07-30T16:15:50","date_gmt":"2023-07-30T19:15:50","guid":{"rendered":"https:\/\/www.locoxelrojo.com\/independiente\/?p=114176"},"modified":"2023-07-30T16:41:42","modified_gmt":"2023-07-30T19:41:42","slug":"comunicado-de-la-dirigencia-tras-la-represion-a-los-hinchas","status":"publish","type":"post","link":"https:\/\/www.locoxelrojo.com\/independiente\/2023\/07\/30\/comunicado-de-la-dirigencia-tras-la-represion-a-los-hinchas\/","title":{"rendered":"Comunicado de la dirigencia tras la represi\u00f3n a los hinchas"},"content":{"rendered":"<p><strong>La Comisi\u00f3n Directiva emiti\u00f3 un comunicado oficial por la represi\u00f3n de la Polic\u00eda a los hinchas de Independiente en el play\u00f3n Erico despu\u00e9s de la derrota ante Boca.<\/strong><\/p>\n<p>En la noche del s\u00e1bado, los socios se manifestaron contra la dirigencia por la p\u00e9sima gesti\u00f3n deportiva que dej\u00f3 al Rojo peleando el descenso. Todo termin\u00f3 con una brutal represi\u00f3n:<a href=\"https:\/\/www.locoxelrojo.com\/independiente\/2023\/07\/29\/represion-y-balas-de-goma-contra-los-hinchas\/\"> la Polic\u00eda avanz\u00f3 sobre los hinchas y los ech\u00f3 del play\u00f3n Erico disparando balas de goma<\/a>. Mucha gente termin\u00f3 lastimada.<\/p>\n<p>Un d\u00eda despu\u00e9s del vergonzoso accionar de la Polic\u00eda, el club emiti\u00f3 un comunicado oficial. En el mismo,<strong> &#8220;la Comisi\u00f3n Directiva del Club Atl\u00e9tico Independiente repudia los hechos ocurridos&#8221;<\/strong> y anticip\u00f3 que se encuentra <strong>&#8220;trabajando junto con la A.Pre.Vi.De para investigar la injustificada represi\u00f3n policial ocurrida en el Play\u00f3n Erico&#8221;<\/strong>.<\/p>\n<blockquote class=\"twitter-tweet\" data-width=\"550\" data-dnt=\"true\">\n<p lang=\"pt\" dir=\"ltr\">\ud83d\udccc Comunicado oficial <a href=\"https:\/\/t.co\/guxtZB8ofD\">pic.twitter.com\/guxtZB8ofD<\/a><\/p>\n<p>&mdash; C. A. Independiente (@Independiente) <a href=\"https:\/\/twitter.com\/Independiente\/status\/1685699328910688258?ref_src=twsrc%5Etfw\">July 30, 2023<\/a><\/p><\/blockquote>\n<p><script async src=\"https:\/\/platform.twitter.com\/widgets.js\" charset=\"utf-8\"><\/script><\/p>\n<p>El club se puso a disposici\u00f3n de la Fiscal\u00eda interviniente para entregar las im\u00e1genes de las c\u00e1maras de vigilancia y tom\u00f3 una determinaci\u00f3n sobre la seguridad en el estadio:<strong> no habr\u00e1 m\u00e1s Polic\u00eda Bonaerense<\/strong>.<\/p>\n<p><strong>&#8220;Se ha tomado la decisi\u00f3n de que la seguridad dentro del estadio Libertadores de Am\u00e9rica &#8211; Ricardo Enrique Bochini quede a cargo de la seguridad privada contratada por la instituci\u00f3n para estos efectos&#8221;<\/strong>, sentenci\u00f3 el comunicado.<\/p>\n<p>Finalmente, los dirigentes se disculparon con los socios por la represi\u00f3n policial:<strong> &#8220;Expresamos nuestras m\u00e1s sinceras disculpas y nos ponemos a disposici\u00f3n de los damnificados por este evitable incidente&#8221;<\/strong>.<\/p>\n","protected":false},"excerpt":{"rendered":"<p>La Comisi\u00f3n Directiva emiti\u00f3 un comunicado oficial por la represi\u00f3n de la Polic\u00eda a los hinchas de Independiente en el play\u00f3n Erico despu\u00e9s de la derrota ante Boca. En la noche del s\u00e1bado, los socios se manifestaron contra la dirigencia por la p\u00e9sima gesti\u00f3n deportiva que dej\u00f3 al Rojo peleando el descenso. Todo termin\u00f3 con [&hellip;]<\/p>\n","protected":false},"author":8,"featured_media":114177,"comment_status":"open","ping_status":"closed","sticky":false,"template":"","format":"standard","meta":{"_links_to":"","_links_to_target":""},"categories":[3247,4],"tags":[153,2107,2208,689,3647],"_links":{"self":[{"href":"https:\/\/www.locoxelrojo.com\/independiente\/wp-json\/wp\/v2\/posts\/114176"}],"collection":[{"href":"https:\/\/www.locoxelrojo.com\/independiente\/wp-json\/wp\/v2\/posts"}],"about":[{"href":"https:\/\/www.locoxelrojo.com\/independiente\/wp-json\/wp\/v2\/types\/post"}],"author":[{"embeddable":true,"href":"https:\/\/www.locoxelrojo.com\/independiente\/wp-json\/wp\/v2\/users\/8"}],"replies":[{"embeddable":true,"href":"https:\/\/www.locoxelrojo.com\/independiente\/wp-json\/wp\/v2\/comments?post=114176"}],"version-history":[{"count":5,"href":"https:\/\/www.locoxelrojo.com\/independiente\/wp-json\/wp\/v2\/posts\/114176\/revisions"}],"predecessor-version":[{"id":114182,"href":"https:\/\/www.locoxelrojo.com\/independiente\/wp-json\/wp\/v2\/posts\/114176\/revisions\/114182"}],"wp:featuredmedia":[{"embeddable":true,"href":"https:\/\/www.locoxelrojo.com\/independiente\/wp-json\/wp\/v2\/media\/114177"}],"wp:attachment":[{"href":"https:\/\/www.locoxelrojo.com\/independiente\/wp-json\/wp\/v2\/media?parent=114176"}],"wp:term":[{"taxonomy":"category","embeddable":true,"href":"https:\/\/www.locoxelrojo.com\/independiente\/wp-json\/wp\/v2\/categories?post=114176"},{"taxonomy":"post_tag","embeddable":true,"href":"https:\/\/www.locoxelrojo.com\/independiente\/wp-json\/wp\/v2\/tags?post=114176"}],"curies":[{"name":"wp","href":"https:\/\/api.w.org\/{rel}","templated":true}]}}