{"id":114208,"date":"2023-07-31T12:15:08","date_gmt":"2023-07-31T15:15:08","guid":{"rendered":"https:\/\/www.locoxelrojo.com\/independiente\/?p=114208"},"modified":"2023-07-31T12:15:08","modified_gmt":"2023-07-31T15:15:08","slug":"fifa-intimo-a-inter-a-pagarle-a-independiente-por-bustos","status":"publish","type":"post","link":"https:\/\/www.locoxelrojo.com\/independiente\/2023\/07\/31\/fifa-intimo-a-inter-a-pagarle-a-independiente-por-bustos\/","title":{"rendered":"FIFA intim\u00f3 a Inter a pagarle a Independiente por Bustos"},"content":{"rendered":"<p><strong>La Federaci\u00f3n Internacional de F\u00fatbol Asociado acaba de fallar a favor de Independiente por el caso de Fabricio Bustos e intim\u00f3 a Inter de Porto Alegre a abonarle una considerable suma de dinero dentro de los pr\u00f3ximos 45 d\u00edas<\/strong>.<\/p>\n<p>De acuerdo a un comunicado emitido por la entidad madre del f\u00fatbol mundial, <strong>el equipo brasile\u00f1o le debe pagar al Rojo 364.000 d\u00f3lares m\u00e1s un inter\u00e9s del 5% desde el 28 de febrero de este a\u00f1o hasta que se haga efectivo el pago<\/strong>.<\/p>\n<p><a href=\"https:\/\/www.locoxelrojo.com\/independiente\/2022\/01\/28\/fin-de-la-novela-bustos-se-va-al-inter\/\"><strong>Bustos<\/strong> se hab\u00eda ido del club en enero del 2022<\/a> a cambio de un resarcimiento y enfrentado con los dirigentes de la gesti\u00f3n anterior. De hecho el Tractor <a href=\"https:\/\/www.locoxelrojo.com\/independiente\/2022\/02\/15\/durisimo-descargo-de-bustos-contra-la-dirigencia\/\">hab\u00eda emitido un fuerte comunicado en contra de ellos<\/a> y <strong>hab\u00eda pedido que el Rojo se quedara con un 15% de su pase para una futura venta<\/strong>.<\/p>\n<p><iframe loading=\"lazy\" title=\"YouTube video player\" src=\"https:\/\/www.youtube.com\/embed\/g3qDk4opOnU\" width=\"560\" height=\"315\" frameborder=\"0\" allowfullscreen=\"allowfullscreen\"><\/iframe><\/p>\n<p>De esta manera, <strong>el club podr\u00eda recibir un dinero dentro de los pr\u00f3ximos 45 d\u00edas<\/strong> que, de ser bien administrado por las autoridades del club, podr\u00eda servir para incorporar jugadores en este mercado de pases o continuar pagando deudas.<\/p>\n<p>A continuaci\u00f3n, el comunicado emitido por la FIFA:<\/p>\n<p><a href=\"https:\/\/locoxelrojo.com\/independiente\/wp-content\/uploads\/2023\/07\/fifa-bustos-inter-independiente.jpg\"><img loading=\"lazy\" class=\"aligncenter size-full wp-image-114209\" src=\"https:\/\/locoxelrojo.com\/independiente\/wp-content\/uploads\/2023\/07\/fifa-bustos-inter-independiente.jpg\" alt=\"fifa-bustos-inter-independiente\" width=\"522\" height=\"717\" srcset=\"https:\/\/locoxelrojo.com\/independiente\/wp-content\/uploads\/2023\/07\/fifa-bustos-inter-independiente.jpg 522w, https:\/\/locoxelrojo.com\/independiente\/wp-content\/uploads\/2023\/07\/fifa-bustos-inter-independiente-218x300.jpg 218w, https:\/\/locoxelrojo.com\/independiente\/wp-content\/uploads\/2023\/07\/fifa-bustos-inter-independiente-306x420.jpg 306w\" sizes=\"(max-width: 522px) 100vw, 522px\" \/><\/a><\/p>\n","protected":false},"excerpt":{"rendered":"<p>La Federaci\u00f3n Internacional de F\u00fatbol Asociado acaba de fallar a favor de Independiente por el caso de Fabricio Bustos e intim\u00f3 a Inter de Porto Alegre a abonarle una considerable suma de dinero dentro de los pr\u00f3ximos 45 d\u00edas. De acuerdo a un comunicado emitido por la entidad madre del f\u00fatbol mundial, el equipo brasile\u00f1o [&hellip;]<\/p>\n","protected":false},"author":19,"featured_media":114210,"comment_status":"open","ping_status":"closed","sticky":false,"template":"","format":"standard","meta":{"_links_to":"","_links_to_target":""},"categories":[3280,3247],"tags":[153,1027,1729,357],"_links":{"self":[{"href":"https:\/\/www.locoxelrojo.com\/independiente\/wp-json\/wp\/v2\/posts\/114208"}],"collection":[{"href":"https:\/\/www.locoxelrojo.com\/independiente\/wp-json\/wp\/v2\/posts"}],"about":[{"href":"https:\/\/www.locoxelrojo.com\/independiente\/wp-json\/wp\/v2\/types\/post"}],"author":[{"embeddable":true,"href":"https:\/\/www.locoxelrojo.com\/independiente\/wp-json\/wp\/v2\/users\/19"}],"replies":[{"embeddable":true,"href":"https:\/\/www.locoxelrojo.com\/independiente\/wp-json\/wp\/v2\/comments?post=114208"}],"version-history":[{"count":1,"href":"https:\/\/www.locoxelrojo.com\/independiente\/wp-json\/wp\/v2\/posts\/114208\/revisions"}],"predecessor-version":[{"id":114211,"href":"https:\/\/www.locoxelrojo.com\/independiente\/wp-json\/wp\/v2\/posts\/114208\/revisions\/114211"}],"wp:featuredmedia":[{"embeddable":true,"href":"https:\/\/www.locoxelrojo.com\/independiente\/wp-json\/wp\/v2\/media\/114210"}],"wp:attachment":[{"href":"https:\/\/www.locoxelrojo.com\/independiente\/wp-json\/wp\/v2\/media?parent=114208"}],"wp:term":[{"taxonomy":"category","embeddable":true,"href":"https:\/\/www.locoxelrojo.com\/independiente\/wp-json\/wp\/v2\/categories?post=114208"},{"taxonomy":"post_tag","embeddable":true,"href":"https:\/\/www.locoxelrojo.com\/independiente\/wp-json\/wp\/v2\/tags?post=114208"}],"curies":[{"name":"wp","href":"https:\/\/api.w.org\/{rel}","templated":true}]}}