{"id":114372,"date":"2023-08-09T13:30:33","date_gmt":"2023-08-09T16:30:33","guid":{"rendered":"https:\/\/www.locoxelrojo.com\/independiente\/?p=114372"},"modified":"2023-08-10T01:05:27","modified_gmt":"2023-08-10T04:05:27","slug":"independiente-continua-entrenando","status":"publish","type":"post","link":"https:\/\/www.locoxelrojo.com\/independiente\/2023\/08\/09\/independiente-continua-entrenando\/","title":{"rendered":"Sin refuerzos, el Ruso par\u00f3 dos equipos"},"content":{"rendered":"<p><strong>A\u00fan sin refuerzos<\/strong> en el entrenamiento y a falta de <strong>9 d\u00edas para el primer partido de Independiente en la Copa de la Liga,<\/strong> Ricardo Zielisnki arm\u00f3 dos equipos. La \u00fanica novedad es que <strong>Tomas Rambert<\/strong>, quien tiene ofertas para irse a pr\u00e9stamo, <strong>form\u00f3 parte del equipo titular.<\/strong><\/p>\n<p>Sin caras nuevas, as\u00ed fue el once que par\u00f3 el Ruso: <strong>Rodrigo Rey, Patricio Ostachuk, Javier B\u00e1ez, Edgar Elizalde, Ayrton Costa; Sergio Ort\u00edz, Iv\u00e1n Marcone, Kevin L\u00f3pez; Rambert, Mart\u00edn Cauteruccio y Braian Mart\u00ednez.<\/strong><\/p>\n<p>El otro equipo, con varios jugadores que fueron suplentes el torneo pasado, form\u00f3 as\u00ed:<br \/>\n<strong>Diego Segovia; Luciano G\u00f3mez, Joaqu\u00edn Laso, Agust\u00edn Quiroga, Dami\u00e1n P\u00e9rez; Tom\u00e1s Pozzo, Agust\u00edn Mulet, Mart\u00edn Sarrafiore, Nicol\u00e1s Vallejo; David Sayago y Mat\u00edas Gim\u00e9nez.<\/strong><\/p>\n<p>Hace unas semanas, el entrenador del Rojo le avis\u00f3 a la dirigencia que si no llegaban refuerzos<strong> podr\u00eda renunciar al cargo. <\/strong>Hasta el momento, Independiente solo concret\u00f3 la <a href=\"https:\/\/www.locoxelrojo.com\/independiente\/2023\/08\/09\/es-oficial-federico-mancuello-vuelve-a-independiente\/\"><strong>llegada de Federico Mancuello<\/strong><\/a>, que llegar\u00e1 al pa\u00eds en los pr\u00f3ximos d\u00edas.<\/p>\n","protected":false},"excerpt":{"rendered":"<p>A\u00fan sin refuerzos en el entrenamiento y a falta de 9 d\u00edas para el primer partido de Independiente en la Copa de la Liga, Ricardo Zielisnki arm\u00f3 dos equipos. La \u00fanica novedad es que Tomas Rambert, quien tiene ofertas para irse a pr\u00e9stamo, form\u00f3 parte del equipo titular. Sin caras nuevas, as\u00ed fue el once [&hellip;]<\/p>\n","protected":false},"author":101034,"featured_media":113715,"comment_status":"open","ping_status":"closed","sticky":false,"template":"","format":"standard","meta":{"_links_to":"","_links_to_target":""},"categories":[3247,3],"tags":[153,26,2084,4151],"_links":{"self":[{"href":"https:\/\/www.locoxelrojo.com\/independiente\/wp-json\/wp\/v2\/posts\/114372"}],"collection":[{"href":"https:\/\/www.locoxelrojo.com\/independiente\/wp-json\/wp\/v2\/posts"}],"about":[{"href":"https:\/\/www.locoxelrojo.com\/independiente\/wp-json\/wp\/v2\/types\/post"}],"author":[{"embeddable":true,"href":"https:\/\/www.locoxelrojo.com\/independiente\/wp-json\/wp\/v2\/users\/101034"}],"replies":[{"embeddable":true,"href":"https:\/\/www.locoxelrojo.com\/independiente\/wp-json\/wp\/v2\/comments?post=114372"}],"version-history":[{"count":3,"href":"https:\/\/www.locoxelrojo.com\/independiente\/wp-json\/wp\/v2\/posts\/114372\/revisions"}],"predecessor-version":[{"id":114376,"href":"https:\/\/www.locoxelrojo.com\/independiente\/wp-json\/wp\/v2\/posts\/114372\/revisions\/114376"}],"wp:featuredmedia":[{"embeddable":true,"href":"https:\/\/www.locoxelrojo.com\/independiente\/wp-json\/wp\/v2\/media\/113715"}],"wp:attachment":[{"href":"https:\/\/www.locoxelrojo.com\/independiente\/wp-json\/wp\/v2\/media?parent=114372"}],"wp:term":[{"taxonomy":"category","embeddable":true,"href":"https:\/\/www.locoxelrojo.com\/independiente\/wp-json\/wp\/v2\/categories?post=114372"},{"taxonomy":"post_tag","embeddable":true,"href":"https:\/\/www.locoxelrojo.com\/independiente\/wp-json\/wp\/v2\/tags?post=114372"}],"curies":[{"name":"wp","href":"https:\/\/api.w.org\/{rel}","templated":true}]}}