{"id":114389,"date":"2023-08-10T14:00:02","date_gmt":"2023-08-10T17:00:02","guid":{"rendered":"https:\/\/www.locoxelrojo.com\/independiente\/?p=114389"},"modified":"2023-08-10T15:24:23","modified_gmt":"2023-08-10T18:24:23","slug":"mancuello-la-unica-manera-de-salir-es-estando-todos-juntos","status":"publish","type":"post","link":"https:\/\/www.locoxelrojo.com\/independiente\/2023\/08\/10\/mancuello-la-unica-manera-de-salir-es-estando-todos-juntos\/","title":{"rendered":"Mancuello: &#8220;La \u00fanica manera de salir es estando todos juntos&#8221;"},"content":{"rendered":"<p>Luego de la <a href=\"https:\/\/www.locoxelrojo.com\/independiente\/2023\/08\/09\/mancuello-se-despidio-de-puebla\/\">conferencia que dio ayer en horas de la tarde<\/a>, donde comunic\u00f3 su salida de Puebla, <strong>Federico Mancuello<\/strong> habl\u00f3 hace instantes y por primera vez como nuevo jugador de <strong>Independiente<\/strong>. Manifest\u00f3 conocer la situaci\u00f3n del club y conf\u00eda que pelear\u00e1n la <strong>Copa de la Liga<\/strong>.<\/p>\n<p><strong>\u201cS\u00e9 muy bien c\u00f3mo est\u00e1 el club y la \u00fanica manera de sacar esto adelante es estando juntos. Si nos unimos la dirigencia, los jugadores y los hinchas y tenemos un buen arranque, podemos pelear este formato de Liga de 14 fechas\u201d<\/strong>, comenz\u00f3 Mancu.<\/p>\n<p>A su vez, hizo menci\u00f3n al esfuerzo que hizo toda la gente del Rojo para reunir dinero y poder levantar la inhibici\u00f3n del Am\u00e9rica. <strong>&#8220;Gracias al esfuerzo que hizo el hincha organiz\u00e1ndose, hoy Independiente puede estar contratando jugadores&#8221;<\/strong>, se\u00f1al\u00f3.<\/p>\n<p>Sobre su llegada al pais, el mediocampista de 34 a\u00f1os manifest\u00f3: <strong>&#8220;Tengo pensado viajar el fin de semana, pero tengo que resolver unos temas porque se dio todo muy r\u00e1pido&#8221;<\/strong>. Y cuando le consultaron sobre su tan ansiado regreso, respondi\u00f3: <strong>&#8220;So\u00f1aba con volver antes, pero estoy muy bien f\u00edsicamente. Yo quer\u00eda volver al club que amo&#8221;<\/strong>.<\/p>\n<p>Por \u00faltimo habl\u00f3 de su relaci\u00f3n con Ricardo Zielinski, a quien conoce de su paso por Belgrano en 2011. <strong>&#8220;Ayer habl\u00e9 casi 45 minutos con \u00e9l. Cuando yo ten\u00eda 21 a\u00f1os, el Ruso confi\u00f3 en m\u00ed y me llev\u00f3 a Belgrano. S\u00e9 de su manera de trabajar y me puse a disposici\u00f3n. La semana que viene voy a estar entrenando como uno m\u00e1s&#8221;<\/strong>, concluy\u00f3.<\/p>\n<p><iframe loading=\"lazy\" title=\"YouTube video player\" src=\"https:\/\/www.youtube.com\/embed\/kDPRfgTHlx8\" width=\"560\" height=\"315\" frameborder=\"0\" allowfullscreen=\"allowfullscreen\"><\/iframe><\/p>\n","protected":false},"excerpt":{"rendered":"<p>Luego de la conferencia que dio ayer en horas de la tarde, donde comunic\u00f3 su salida de Puebla, Federico Mancuello habl\u00f3 hace instantes y por primera vez como nuevo jugador de Independiente. Manifest\u00f3 conocer la situaci\u00f3n del club y conf\u00eda que pelear\u00e1n la Copa de la Liga. \u201cS\u00e9 muy bien c\u00f3mo est\u00e1 el club y [&hellip;]<\/p>\n","protected":false},"author":19,"featured_media":114390,"comment_status":"open","ping_status":"closed","sticky":false,"template":"","format":"standard","meta":{"_links_to":"","_links_to_target":""},"categories":[3280,3247],"tags":[153,48,2084],"_links":{"self":[{"href":"https:\/\/www.locoxelrojo.com\/independiente\/wp-json\/wp\/v2\/posts\/114389"}],"collection":[{"href":"https:\/\/www.locoxelrojo.com\/independiente\/wp-json\/wp\/v2\/posts"}],"about":[{"href":"https:\/\/www.locoxelrojo.com\/independiente\/wp-json\/wp\/v2\/types\/post"}],"author":[{"embeddable":true,"href":"https:\/\/www.locoxelrojo.com\/independiente\/wp-json\/wp\/v2\/users\/19"}],"replies":[{"embeddable":true,"href":"https:\/\/www.locoxelrojo.com\/independiente\/wp-json\/wp\/v2\/comments?post=114389"}],"version-history":[{"count":1,"href":"https:\/\/www.locoxelrojo.com\/independiente\/wp-json\/wp\/v2\/posts\/114389\/revisions"}],"predecessor-version":[{"id":114391,"href":"https:\/\/www.locoxelrojo.com\/independiente\/wp-json\/wp\/v2\/posts\/114389\/revisions\/114391"}],"wp:featuredmedia":[{"embeddable":true,"href":"https:\/\/www.locoxelrojo.com\/independiente\/wp-json\/wp\/v2\/media\/114390"}],"wp:attachment":[{"href":"https:\/\/www.locoxelrojo.com\/independiente\/wp-json\/wp\/v2\/media?parent=114389"}],"wp:term":[{"taxonomy":"category","embeddable":true,"href":"https:\/\/www.locoxelrojo.com\/independiente\/wp-json\/wp\/v2\/categories?post=114389"},{"taxonomy":"post_tag","embeddable":true,"href":"https:\/\/www.locoxelrojo.com\/independiente\/wp-json\/wp\/v2\/tags?post=114389"}],"curies":[{"name":"wp","href":"https:\/\/api.w.org\/{rel}","templated":true}]}}