{"id":114454,"date":"2023-08-14T18:06:29","date_gmt":"2023-08-14T21:06:29","guid":{"rendered":"https:\/\/www.locoxelrojo.com\/independiente\/?p=114454"},"modified":"2023-08-14T18:26:50","modified_gmt":"2023-08-14T21:26:50","slug":"concentrados-vs-central-cordoba-con-varios-regresos-y-caras-nuevas","status":"publish","type":"post","link":"https:\/\/www.locoxelrojo.com\/independiente\/2023\/08\/14\/concentrados-vs-central-cordoba-con-varios-regresos-y-caras-nuevas\/","title":{"rendered":"Concentrados vs. Central C\u00f3rdoba: con varios regresos y caras nuevas"},"content":{"rendered":"<p><strong>Ricardo Zielinski confirm\u00f3 la lista de concentrados de Independiente para enfrentar a Central C\u00f3rdoba por los 16avos de final de la Copa Argentina.<\/strong><\/p>\n<p>La lista tuvo varios cambios respecto de la \u00faltima que hubo para cerrar la Liga Profesional. La gran noticia es <strong>la vuelta de Tom\u00e1s Pozzo<\/strong>, quien es pr\u00e1cticamente un refuerzo m\u00e1s tras haber superado la rotura de ligamentos que sufri\u00f3 en marzo.<\/p>\n<p>Adem\u00e1s, se destaca la presencia de <strong>Mauricio Isla, por ahora el \u00fanico refuerzo habilitado<\/strong> para jugar este martes. Tambi\u00e9n <strong>reapareci\u00f3 Lucas Gonz\u00e1lez<\/strong>, quien volvi\u00f3 de su pr\u00e9stamo en M\u00e9xico.<\/p>\n<p>Otro que volvi\u00f3 despu\u00e9s de mucho tiempo fue <strong>David Sayago<\/strong>. Hab\u00eda retornado de Rayados en mayo, pero no pod\u00eda jugar hasta que se abriera este mercado de pases. Ser\u00e1 una opci\u00f3n m\u00e1s para Zielinski en ataque.<\/p>\n<p>Por otro lado, <strong>se quedaron afuera Luciano G\u00f3mez, Agust\u00edn Mulet, Baltasar Barcia y Rodrigo Atencio<\/strong>. Los dos primeros no ser\u00e1n tenidos en cuenta por el DT, el uruguayo se recupera de un desgarro y el juvenil jugar\u00e1 en Reserva. En cuanto a Felipe Aguilar y Federico Mancuello, se espera que est\u00e9n habilitados para el fin de semana ante Col\u00f3n.<\/p>\n<p><span style=\"color: #111111; font-family: Roboto, sans-serif; font-size: 22px;\">Los 23 convocados<\/span><\/p>\n<p><span style=\"text-decoration: underline;\"><strong>Arqueros:<\/strong><\/span> Diego Segovia y Rodrigo Rey.<\/p>\n<p><span style=\"text-decoration: underline;\"><strong>Defensores:<\/strong><\/span> Joaqu\u00edn Laso, Edgar Elizalde, Patricio Ostachuk, Javier B\u00e1ez, Dami\u00e1n P\u00e9rez, Mauricio Isla y Ayrton Costa.<\/p>\n<p><span style=\"text-decoration: underline;\"><strong>Mediocampistas:<\/strong><\/span> Kevin L\u00f3pez, Mart\u00edn Sarrafiore, Lucas Gonz\u00e1lez, Iv\u00e1n Marcone, Tom\u00e1s Pozzo, Sergio Ort\u00edz, Santiago Salle y Javier Ruiz.<\/p>\n<p><span style=\"text-decoration: underline;\"><strong>Delanteros:<\/strong><\/span> Mart\u00edn Cauteruccio, Nicol\u00e1s Vallejo, David Sayago, Braian Mart\u00ednez, Mat\u00edas Gim\u00e9nez y Santiago L\u00f3pez.<\/p>\n<blockquote class=\"twitter-tweet\" data-width=\"550\" data-dnt=\"true\">\n<p lang=\"es\" dir=\"ltr\">\ud83d\udccb Lista de convocados para enfrentar a Central C\u00f3rdoba (SE) por Copa Argentina.<a href=\"https:\/\/twitter.com\/hashtag\/TodoRojo?src=hash&amp;ref_src=twsrc%5Etfw\">#TodoRojo<\/a> \ud83d\udd34 <a href=\"https:\/\/t.co\/afG8IAFGCm\">pic.twitter.com\/afG8IAFGCm<\/a><\/p>\n<p>&mdash; C. A. Independiente (@Independiente) <a href=\"https:\/\/twitter.com\/Independiente\/status\/1691177973490089984?ref_src=twsrc%5Etfw\">August 14, 2023<\/a><\/p><\/blockquote>\n<p><script async src=\"https:\/\/platform.twitter.com\/widgets.js\" charset=\"utf-8\"><\/script><\/p>\n<p>&nbsp;<\/p>\n","protected":false},"excerpt":{"rendered":"<p>Ricardo Zielinski confirm\u00f3 la lista de concentrados de Independiente para enfrentar a Central C\u00f3rdoba por los 16avos de final de la Copa Argentina. La lista tuvo varios cambios respecto de la \u00faltima que hubo para cerrar la Liga Profesional. La gran noticia es la vuelta de Tom\u00e1s Pozzo, quien es pr\u00e1cticamente un refuerzo m\u00e1s tras [&hellip;]<\/p>\n","protected":false},"author":8,"featured_media":114263,"comment_status":"open","ping_status":"closed","sticky":false,"template":"","format":"standard","meta":{"_links_to":"","_links_to_target":""},"categories":[3247,3],"tags":[153,2024,4796,4179,5474,4255],"_links":{"self":[{"href":"https:\/\/www.locoxelrojo.com\/independiente\/wp-json\/wp\/v2\/posts\/114454"}],"collection":[{"href":"https:\/\/www.locoxelrojo.com\/independiente\/wp-json\/wp\/v2\/posts"}],"about":[{"href":"https:\/\/www.locoxelrojo.com\/independiente\/wp-json\/wp\/v2\/types\/post"}],"author":[{"embeddable":true,"href":"https:\/\/www.locoxelrojo.com\/independiente\/wp-json\/wp\/v2\/users\/8"}],"replies":[{"embeddable":true,"href":"https:\/\/www.locoxelrojo.com\/independiente\/wp-json\/wp\/v2\/comments?post=114454"}],"version-history":[{"count":1,"href":"https:\/\/www.locoxelrojo.com\/independiente\/wp-json\/wp\/v2\/posts\/114454\/revisions"}],"predecessor-version":[{"id":114455,"href":"https:\/\/www.locoxelrojo.com\/independiente\/wp-json\/wp\/v2\/posts\/114454\/revisions\/114455"}],"wp:featuredmedia":[{"embeddable":true,"href":"https:\/\/www.locoxelrojo.com\/independiente\/wp-json\/wp\/v2\/media\/114263"}],"wp:attachment":[{"href":"https:\/\/www.locoxelrojo.com\/independiente\/wp-json\/wp\/v2\/media?parent=114454"}],"wp:term":[{"taxonomy":"category","embeddable":true,"href":"https:\/\/www.locoxelrojo.com\/independiente\/wp-json\/wp\/v2\/categories?post=114454"},{"taxonomy":"post_tag","embeddable":true,"href":"https:\/\/www.locoxelrojo.com\/independiente\/wp-json\/wp\/v2\/tags?post=114454"}],"curies":[{"name":"wp","href":"https:\/\/api.w.org\/{rel}","templated":true}]}}