{"id":114462,"date":"2023-08-14T19:22:06","date_gmt":"2023-08-14T22:22:06","guid":{"rendered":"https:\/\/www.locoxelrojo.com\/independiente\/?p=114462"},"modified":"2023-08-14T19:22:06","modified_gmt":"2023-08-14T22:22:06","slug":"central-cordoba-independiente-asi-llega-el-ferroviario-4-2","status":"publish","type":"post","link":"https:\/\/www.locoxelrojo.com\/independiente\/2023\/08\/14\/central-cordoba-independiente-asi-llega-el-ferroviario-4-2\/","title":{"rendered":"As\u00ed llega el Ferroviario"},"content":{"rendered":"<p><strong>Central C\u00f3rdoba de Santiago del Estero llega al duelo ante Independiente en b\u00fasqueda de los octavos de final de la Copa Argentina.<\/strong> Conoc\u00e9 todas las novedades del pr\u00f3ximo rival del Rojo.<\/p>\n<p><strong>El Ferroviario tuvo una mala Liga Profesional, donde termin\u00f3 en el puesto 23 con 29 puntos, uno m\u00e1s que los Diablos, producto de 7 victorias, 8 empates y 12 derrotas.<\/strong> All\u00ed, convirti\u00f3 20 goles y recibi\u00f3 30, quedando con -10 de diferencia.<\/p>\n<p>Su presente no es nada bueno ya que <strong>viene de perder en la \u00faltima fecha del campeonato 2-0 como local ante Atl\u00e9tico Tucum\u00e1n y acumul\u00f3 su cuarta derrota en final<\/strong>, dentro de ellas el <strong>1-0 vs. Independiente.<\/strong><\/p>\n<p><iframe loading=\"lazy\" title=\"YouTube video player\" src=\"https:\/\/www.youtube.com\/embed\/f9a82mR-rYU\" width=\"560\" height=\"315\" frameborder=\"0\" allowfullscreen=\"allowfullscreen\"><\/iframe><\/p>\n<p><iframe loading=\"lazy\" title=\"YouTube video player\" src=\"https:\/\/www.youtube.com\/embed\/ymLJomWmmD0\" width=\"560\" height=\"315\" frameborder=\"0\" allowfullscreen=\"allowfullscreen\"><\/iframe><\/p>\n<p>Por su parte, en la <strong>Copa Argentina<\/strong>, <strong>Central C\u00f3rdoba viene de eliminar 3-0 a Comunicaciones<\/strong> en La Rioja por los 32avos. de final, en mayo.<\/p>\n<p><iframe loading=\"lazy\" title=\"YouTube video player\" src=\"https:\/\/www.youtube.com\/embed\/UJYm9bNfAT0\" width=\"560\" height=\"315\" frameborder=\"0\" allowfullscreen=\"allowfullscreen\"><\/iframe><\/p>\n<p>Como novedad en la instituci\u00f3n santiague\u00f1a, <strong>Leonardo Madel\u00f3n<\/strong> dej\u00f3 su puesto como director t\u00e9cnico y lo reemplazo un viejo conocido del Rey de Copas, <strong>Omar de Felippe, que tendr\u00e1 su debut en este encuentro.<\/strong> Adem\u00e1s, los del interior sumaron a sus filas en este mercado de pases a <strong>Dardo Miloc, Gonzalo \u00c1lvez, Mateo Sanabria y Andr\u00e9s Ferro.<\/strong><\/p>\n<p>As\u00ed, un posible once inicial de <strong>Central C\u00f3rdoba<\/strong> para enfrentar a <a href=\"https:\/\/www.locoxelrojo.com\/independiente\/\"><strong>Independiente<\/strong> <\/a>ser\u00eda: <strong>Mat\u00edas Mansilla; Jos\u00e9 Gomez, Fabio Pereyra, Gustavo Canto y Marcelo Ben\u00edtez; Ciro Rius, Enzo Kalinski, Mauro Pitt\u00f3n y Lucas Besozzi; Ram\u00f3n Cancinos y Lucas Gamba.<\/strong><\/p>\n<blockquote class=\"twitter-tweet\">\n<p dir=\"ltr\" lang=\"es\">\u00a1Nuevo DT en el Oeste! <\/p>\n<p>Omar De Felippe asume el mando en la pr\u00e1ctica de \u00e9sta tarde en el Iosep, listos para la Copa de la Liga.<\/p>\n<p>\u00a1Vamos Ferroviario! \u26ab\ufe0f \u26aa\ufe0f <a href=\"https:\/\/twitter.com\/hashtag\/SomosCentralSomosSantiago?src=hash&amp;ref_src=twsrc%5Etfw\">#SomosCentralSomosSantiago<\/a> <a href=\"https:\/\/t.co\/lH2RMNigmh\">pic.twitter.com\/lH2RMNigmh<\/a><\/p>\n<p>\u2014 Club Atletico Central C\u00f3rdoba (@cacc_sde) <a href=\"https:\/\/twitter.com\/cacc_sde\/status\/1688700957297721344?ref_src=twsrc%5Etfw\">August 7, 2023<\/a><\/p><\/blockquote>\n<p><script async src=\"https:\/\/platform.twitter.com\/widgets.js\" charset=\"utf-8\"><\/script><\/p>\n","protected":false},"excerpt":{"rendered":"<p>Central C\u00f3rdoba de Santiago del Estero llega al duelo ante Independiente en b\u00fasqueda de los octavos de final de la Copa Argentina. Conoc\u00e9 todas las novedades del pr\u00f3ximo rival del Rojo. El Ferroviario tuvo una mala Liga Profesional, donde termin\u00f3 en el puesto 23 con 29 puntos, uno m\u00e1s que los Diablos, producto de 7 [&hellip;]<\/p>\n","protected":false},"author":101017,"featured_media":114463,"comment_status":"open","ping_status":"closed","sticky":false,"template":"","format":"standard","meta":{"_links_to":"","_links_to_target":""},"categories":[1990,3247],"tags":[4696,153,5278,3275],"_links":{"self":[{"href":"https:\/\/www.locoxelrojo.com\/independiente\/wp-json\/wp\/v2\/posts\/114462"}],"collection":[{"href":"https:\/\/www.locoxelrojo.com\/independiente\/wp-json\/wp\/v2\/posts"}],"about":[{"href":"https:\/\/www.locoxelrojo.com\/independiente\/wp-json\/wp\/v2\/types\/post"}],"author":[{"embeddable":true,"href":"https:\/\/www.locoxelrojo.com\/independiente\/wp-json\/wp\/v2\/users\/101017"}],"replies":[{"embeddable":true,"href":"https:\/\/www.locoxelrojo.com\/independiente\/wp-json\/wp\/v2\/comments?post=114462"}],"version-history":[{"count":1,"href":"https:\/\/www.locoxelrojo.com\/independiente\/wp-json\/wp\/v2\/posts\/114462\/revisions"}],"predecessor-version":[{"id":114464,"href":"https:\/\/www.locoxelrojo.com\/independiente\/wp-json\/wp\/v2\/posts\/114462\/revisions\/114464"}],"wp:featuredmedia":[{"embeddable":true,"href":"https:\/\/www.locoxelrojo.com\/independiente\/wp-json\/wp\/v2\/media\/114463"}],"wp:attachment":[{"href":"https:\/\/www.locoxelrojo.com\/independiente\/wp-json\/wp\/v2\/media?parent=114462"}],"wp:term":[{"taxonomy":"category","embeddable":true,"href":"https:\/\/www.locoxelrojo.com\/independiente\/wp-json\/wp\/v2\/categories?post=114462"},{"taxonomy":"post_tag","embeddable":true,"href":"https:\/\/www.locoxelrojo.com\/independiente\/wp-json\/wp\/v2\/tags?post=114462"}],"curies":[{"name":"wp","href":"https:\/\/api.w.org\/{rel}","templated":true}]}}