{"id":114488,"date":"2023-08-15T21:00:51","date_gmt":"2023-08-16T00:00:51","guid":{"rendered":"https:\/\/www.locoxelrojo.com\/independiente\/?p=114488"},"modified":"2023-08-16T01:33:41","modified_gmt":"2023-08-16T04:33:41","slug":"volvio-pozzo-despues-de-5-meses","status":"publish","type":"post","link":"https:\/\/www.locoxelrojo.com\/independiente\/2023\/08\/15\/volvio-pozzo-despues-de-5-meses\/","title":{"rendered":"Volvi\u00f3 Pozzo despu\u00e9s de 5 meses"},"content":{"rendered":"<p>Una de las pocas buenas noticias que dej\u00f3 la noche en C\u00f3rdoba fue el regreso de <strong>Tom\u00e1s Pozzo<\/strong> luego de su larga inactividad. El futbolista surgido de las Inferiores de <strong>Independiente<\/strong> jug\u00f3 todo el segundo tiempo y <strong>meti\u00f3 su penal en la definici\u00f3n<\/strong>.<\/p>\n<p>Lejos parece haber quedado el 13 de marzo pasado, cuando <a href=\"https:\/\/www.locoxelrojo.com\/independiente\/2023\/03\/13\/pozzo-recibio-el-parte-medico\/\">el club hab\u00eda anunciado la peor noticia para el joven zurdo<\/a>. El parte confirmaba la <strong>rotura del ligamento cruzado anterior de su rodilla izquierda<\/strong> durante el entrenamiento en Villa Dom\u00ednico.<\/p>\n<p>Y cuando los tiempos estimados de recuperaci\u00f3n estiman entre 6 y 8 meses, <strong>Pozzo volvi\u00f3 155 d\u00edas despu\u00e9s. Es decir, cinco meses y 2 d\u00edas despu\u00e9s<\/strong>. Incre\u00edble, pero real. <strong>&#8220;Por Copa Argentina no creo jugar, pero ir\u00e9 sumando minutos&#8221;<\/strong>, <a href=\"https:\/\/www.locoxelrojo.com\/independiente\/2023\/08\/05\/pozzo-tenemos-la-obligacion-de-levantar-este-semestre\/\">hab\u00eda dicho Toto hace unos d\u00edas<\/a> con Infierno Rojo. Pero le toc\u00f3.<\/p>\n<p>En la noche de C\u00f3rdoba, <strong>Pozzo entr\u00f3 en el entretiempo por Mart\u00edn Sarrafiore<\/strong> y desde sus primeros minutos <strong>mostr\u00f3 mucha movilidad aunque las imprecisiones propias de una inactividad de cinco meses<\/strong>. Tuvo una muy clara en el inicio del complemento pero lleg\u00f3 mal pisado y se la robaron justo. <strong>En la tanda de penales convirti\u00f3 el suyo<\/strong>.<\/p>\n<p><strong>Ricardo Zielinski<\/strong> recupera una pieza clave de recambio para los metros finales. Precisamente en esa \u00e1rea donde el equipo necesita un jugador que brinde soluciones para ese sector del campo.<\/p>\n","protected":false},"excerpt":{"rendered":"<p>Una de las pocas buenas noticias que dej\u00f3 la noche en C\u00f3rdoba fue el regreso de Tom\u00e1s Pozzo luego de su larga inactividad. El futbolista surgido de las Inferiores de Independiente jug\u00f3 todo el segundo tiempo y meti\u00f3 su penal en la definici\u00f3n. Lejos parece haber quedado el 13 de marzo pasado, cuando el club [&hellip;]<\/p>\n","protected":false},"author":19,"featured_media":114489,"comment_status":"open","ping_status":"closed","sticky":false,"template":"","format":"standard","meta":{"_links_to":"","_links_to_target":""},"categories":[800,3247],"tags":[5499,153,5278,4255],"_links":{"self":[{"href":"https:\/\/www.locoxelrojo.com\/independiente\/wp-json\/wp\/v2\/posts\/114488"}],"collection":[{"href":"https:\/\/www.locoxelrojo.com\/independiente\/wp-json\/wp\/v2\/posts"}],"about":[{"href":"https:\/\/www.locoxelrojo.com\/independiente\/wp-json\/wp\/v2\/types\/post"}],"author":[{"embeddable":true,"href":"https:\/\/www.locoxelrojo.com\/independiente\/wp-json\/wp\/v2\/users\/19"}],"replies":[{"embeddable":true,"href":"https:\/\/www.locoxelrojo.com\/independiente\/wp-json\/wp\/v2\/comments?post=114488"}],"version-history":[{"count":2,"href":"https:\/\/www.locoxelrojo.com\/independiente\/wp-json\/wp\/v2\/posts\/114488\/revisions"}],"predecessor-version":[{"id":114495,"href":"https:\/\/www.locoxelrojo.com\/independiente\/wp-json\/wp\/v2\/posts\/114488\/revisions\/114495"}],"wp:featuredmedia":[{"embeddable":true,"href":"https:\/\/www.locoxelrojo.com\/independiente\/wp-json\/wp\/v2\/media\/114489"}],"wp:attachment":[{"href":"https:\/\/www.locoxelrojo.com\/independiente\/wp-json\/wp\/v2\/media?parent=114488"}],"wp:term":[{"taxonomy":"category","embeddable":true,"href":"https:\/\/www.locoxelrojo.com\/independiente\/wp-json\/wp\/v2\/categories?post=114488"},{"taxonomy":"post_tag","embeddable":true,"href":"https:\/\/www.locoxelrojo.com\/independiente\/wp-json\/wp\/v2\/tags?post=114488"}],"curies":[{"name":"wp","href":"https:\/\/api.w.org\/{rel}","templated":true}]}}