{"id":114491,"date":"2023-08-15T21:00:28","date_gmt":"2023-08-16T00:00:28","guid":{"rendered":"https:\/\/www.locoxelrojo.com\/independiente\/?p=114491"},"modified":"2023-08-16T01:33:55","modified_gmt":"2023-08-16T04:33:55","slug":"debuto-mauricio-isla-en-independiente","status":"publish","type":"post","link":"https:\/\/www.locoxelrojo.com\/independiente\/2023\/08\/15\/debuto-mauricio-isla-en-independiente\/","title":{"rendered":"Debut\u00f3 Mauricio Isla en Independiente"},"content":{"rendered":"<p><strong>Mauricio Isla tuvo su estreno con la camiseta de Independiente <\/strong>en el partido frente a Central C\u00f3rdoba de Santiago del Estero que se defini\u00f3 favorablemente para el Rojo en los penales. El chileno es la primera incorporaci\u00f3n de este mercado de pases que hace su debut.<\/p>\n<p><a href=\"https:\/\/www.locoxelrojo.com\/independiente\/2023\/08\/11\/mauricio-isla-el-cuarto-refuerzo-de-independiente\/\">El club lo present\u00f3 el viernes pasado<\/a> y se convirti\u00f3 en el cuarto fichaje del Rey de Copas. Como lleg\u00f3 libre, con el pase en su poder, no hubo mayores inconvenientes para habilitarlo. Se entren\u00f3 estos \u00faltimos d\u00edas con el equipo y hoy <strong>Ricardo Zielinski lo meti\u00f3 desde el arranque<\/strong>.<\/p>\n<p>A lo largo de los minutos que le toc\u00f3 jugar se lo vio bastante firme para los cuatro meses de inactividad que arrastraba. <strong>Estuvo correcto en la marca pese a que tiene ajustar algunas situaciones y criterioso para pasar al ataque<\/strong>.<\/p>\n<p>A falta de dos minutos para el final del partido, le dej\u00f3 su lugar a Santiago Salle para renovar el aire de la banda derecha. <strong>Cumpli\u00f3 y seguramente sea fija para el debut del Rojo por Copa de la Liga ante Col\u00f3n<\/strong>, el pr\u00f3ximo s\u00e1bado en Avellaneda.<\/p>\n","protected":false},"excerpt":{"rendered":"<p>Mauricio Isla tuvo su estreno con la camiseta de Independiente en el partido frente a Central C\u00f3rdoba de Santiago del Estero que se defini\u00f3 favorablemente para el Rojo en los penales. El chileno es la primera incorporaci\u00f3n de este mercado de pases que hace su debut. El club lo present\u00f3 el viernes pasado y se [&hellip;]<\/p>\n","protected":false},"author":19,"featured_media":114493,"comment_status":"open","ping_status":"closed","sticky":false,"template":"","format":"standard","meta":{"_links_to":"","_links_to_target":""},"categories":[800,3247],"tags":[4696,153,5278,5474],"_links":{"self":[{"href":"https:\/\/www.locoxelrojo.com\/independiente\/wp-json\/wp\/v2\/posts\/114491"}],"collection":[{"href":"https:\/\/www.locoxelrojo.com\/independiente\/wp-json\/wp\/v2\/posts"}],"about":[{"href":"https:\/\/www.locoxelrojo.com\/independiente\/wp-json\/wp\/v2\/types\/post"}],"author":[{"embeddable":true,"href":"https:\/\/www.locoxelrojo.com\/independiente\/wp-json\/wp\/v2\/users\/19"}],"replies":[{"embeddable":true,"href":"https:\/\/www.locoxelrojo.com\/independiente\/wp-json\/wp\/v2\/comments?post=114491"}],"version-history":[{"count":1,"href":"https:\/\/www.locoxelrojo.com\/independiente\/wp-json\/wp\/v2\/posts\/114491\/revisions"}],"predecessor-version":[{"id":114494,"href":"https:\/\/www.locoxelrojo.com\/independiente\/wp-json\/wp\/v2\/posts\/114491\/revisions\/114494"}],"wp:featuredmedia":[{"embeddable":true,"href":"https:\/\/www.locoxelrojo.com\/independiente\/wp-json\/wp\/v2\/media\/114493"}],"wp:attachment":[{"href":"https:\/\/www.locoxelrojo.com\/independiente\/wp-json\/wp\/v2\/media?parent=114491"}],"wp:term":[{"taxonomy":"category","embeddable":true,"href":"https:\/\/www.locoxelrojo.com\/independiente\/wp-json\/wp\/v2\/categories?post=114491"},{"taxonomy":"post_tag","embeddable":true,"href":"https:\/\/www.locoxelrojo.com\/independiente\/wp-json\/wp\/v2\/tags?post=114491"}],"curies":[{"name":"wp","href":"https:\/\/api.w.org\/{rel}","templated":true}]}}