{"id":114515,"date":"2023-08-15T22:55:13","date_gmt":"2023-08-16T01:55:13","guid":{"rendered":"https:\/\/www.locoxelrojo.com\/independiente\/?p=114515"},"modified":"2023-08-16T01:33:28","modified_gmt":"2023-08-16T04:33:28","slug":"zielinski-fue-un-partido-chato-se-tenia-que-sacar-adelante","status":"publish","type":"post","link":"https:\/\/www.locoxelrojo.com\/independiente\/2023\/08\/15\/zielinski-fue-un-partido-chato-se-tenia-que-sacar-adelante\/","title":{"rendered":"Zielinski: \u201cFue un partido chato, se ten\u00eda que sacar adelante&#8221;"},"content":{"rendered":"<p>Luego de la <a href=\"https:\/\/www.locoxelrojo.com\/independiente\/2023\/08\/15\/paso-con-verguenza\/\">clasificaci\u00f3n de Independiente ante Central C\u00f3rdoba,<\/a> <strong>Ricardo Zielinski declaro sobre el mercado de pases y los objetivos del Rojo para este semestre.<\/strong><\/p>\n<p>Consultado sobre los refuerzos, fue contundente: <strong>\u201cEstamos trabajando, se ha conversado con muchos jugadores. Veremos c\u00f3mo sigue el mercado, necesitamos\u00a0 reforzar el equipo. Se est\u00e1n analizando varias situaciones, f\u00e1ciles y dif\u00edciles. Veremos el tiempo que tenemos, esperemos que alguna se concrete\u201d.<\/strong><\/p>\n<p>Sobre la <a href=\"https:\/\/www.locoxelrojo.com\/independiente\/2023\/08\/15\/marcone-declaro-tras-la-clasificacion\/\">ausencia de Iv\u00e1n Marcone<\/a> en la lista de los penales, aclar\u00f3: <strong>\u201cAyer practicamos penales, vimos quienes estaban bien, hicimos la lista y sali\u00f3 bien. Elegimos lo que mejor vimos\u201d.<\/strong><\/p>\n<p><strong>\u201cUno ha tenido alg\u00fan tipo de ilusi\u00f3n de pelear una copa en independiente y no lo vamos a cambiar. Solo lo haremos si no tenemos posibilidades, mientras tanto siempre es una ilusi\u00f3n\u201d<\/strong>, aclar\u00f3 Zielinski sobre la posibilidad de clasificar a una copa internacional.<\/p>\n<p>Por \u00faltimo, se refiri\u00f3 al encuentro ante el equipo Santiague\u00f1o: <strong>\u201cFue un partido chato, se ten\u00eda que sacar adelante. Mantuvimos el 0, pasamos de ronda y tendremos tranquilidad para trabajar el partido con Col\u00f3n\u201d.<\/strong><\/p>\n","protected":false},"excerpt":{"rendered":"<p>Luego de la clasificaci\u00f3n de Independiente ante Central C\u00f3rdoba, Ricardo Zielinski declaro sobre el mercado de pases y los objetivos del Rojo para este semestre. Consultado sobre los refuerzos, fue contundente: \u201cEstamos trabajando, se ha conversado con muchos jugadores. Veremos c\u00f3mo sigue el mercado, necesitamos\u00a0 reforzar el equipo. Se est\u00e1n analizando varias situaciones, f\u00e1ciles y [&hellip;]<\/p>\n","protected":false},"author":101029,"featured_media":114518,"comment_status":"open","ping_status":"closed","sticky":false,"template":"","format":"standard","meta":{"_links_to":"","_links_to_target":""},"categories":[800,3247],"tags":[4497,153,5278,2084],"_links":{"self":[{"href":"https:\/\/www.locoxelrojo.com\/independiente\/wp-json\/wp\/v2\/posts\/114515"}],"collection":[{"href":"https:\/\/www.locoxelrojo.com\/independiente\/wp-json\/wp\/v2\/posts"}],"about":[{"href":"https:\/\/www.locoxelrojo.com\/independiente\/wp-json\/wp\/v2\/types\/post"}],"author":[{"embeddable":true,"href":"https:\/\/www.locoxelrojo.com\/independiente\/wp-json\/wp\/v2\/users\/101029"}],"replies":[{"embeddable":true,"href":"https:\/\/www.locoxelrojo.com\/independiente\/wp-json\/wp\/v2\/comments?post=114515"}],"version-history":[{"count":1,"href":"https:\/\/www.locoxelrojo.com\/independiente\/wp-json\/wp\/v2\/posts\/114515\/revisions"}],"predecessor-version":[{"id":114520,"href":"https:\/\/www.locoxelrojo.com\/independiente\/wp-json\/wp\/v2\/posts\/114515\/revisions\/114520"}],"wp:featuredmedia":[{"embeddable":true,"href":"https:\/\/www.locoxelrojo.com\/independiente\/wp-json\/wp\/v2\/media\/114518"}],"wp:attachment":[{"href":"https:\/\/www.locoxelrojo.com\/independiente\/wp-json\/wp\/v2\/media?parent=114515"}],"wp:term":[{"taxonomy":"category","embeddable":true,"href":"https:\/\/www.locoxelrojo.com\/independiente\/wp-json\/wp\/v2\/categories?post=114515"},{"taxonomy":"post_tag","embeddable":true,"href":"https:\/\/www.locoxelrojo.com\/independiente\/wp-json\/wp\/v2\/tags?post=114515"}],"curies":[{"name":"wp","href":"https:\/\/api.w.org\/{rel}","templated":true}]}}