{"id":114562,"date":"2023-08-17T19:09:47","date_gmt":"2023-08-17T22:09:47","guid":{"rendered":"https:\/\/www.locoxelrojo.com\/independiente\/?p=114562"},"modified":"2023-08-18T02:16:38","modified_gmt":"2023-08-18T05:16:38","slug":"hay-equipo-para-el-debut","status":"publish","type":"post","link":"https:\/\/www.locoxelrojo.com\/independiente\/2023\/08\/17\/hay-equipo-para-el-debut\/","title":{"rendered":"\u00bfHay equipo para el debut?"},"content":{"rendered":"<p><strong>Ricardo Zielinski prob\u00f3 un once con todos los refuerzos dentro del equipo titular de cara al partido ante Col\u00f3n, rival directo de Independiente por el descenso.<\/strong><\/p>\n<p>A dos d\u00edas del debut por Copa de la Liga, el Ruso meti\u00f3 tres cambios con respecto al partido ante Central C\u00f3rdoba por Copa Argentina. Las novedades son <strong>los ingresos de Felipe Aguilar, Federico Mancuello y Alexis Canelo<\/strong>. En sus lugares salieron Javier B\u00e1ez, Lucas Gonz\u00e1lez y Mart\u00edn Sarrafiore, respectivamente.<\/p>\n<p>Con todos los refuerzos adentro, la formaci\u00f3n fue <strong>Rodrigo Rey; Mauricio Isla, Aguilar, Edgar Elizalde, Ayrton Costa; Sergio Ortiz, Iv\u00e1n Marcone, Mancuello; Canelo, Mart\u00edn Cauteruccio y Braian Mart\u00ednez<\/strong>.<\/p>\n<p>Cabe destacar <strong>el transfer de Mancuello todav\u00eda no lleg\u00f3<\/strong>, pero desde la dirigencia son optimistas y esperan que est\u00e9 habilitado en las pr\u00f3ximas horas.<\/p>\n","protected":false},"excerpt":{"rendered":"<p>Ricardo Zielinski prob\u00f3 un once con todos los refuerzos dentro del equipo titular de cara al partido ante Col\u00f3n, rival directo de Independiente por el descenso. A dos d\u00edas del debut por Copa de la Liga, el Ruso meti\u00f3 tres cambios con respecto al partido ante Central C\u00f3rdoba por Copa Argentina. Las novedades son los [&hellip;]<\/p>\n","protected":false},"author":101034,"featured_media":114564,"comment_status":"open","ping_status":"closed","sticky":false,"template":"","format":"standard","meta":{"_links_to":"","_links_to_target":""},"categories":[3247,3],"tags":[3125,153,26,48,5488],"_links":{"self":[{"href":"https:\/\/www.locoxelrojo.com\/independiente\/wp-json\/wp\/v2\/posts\/114562"}],"collection":[{"href":"https:\/\/www.locoxelrojo.com\/independiente\/wp-json\/wp\/v2\/posts"}],"about":[{"href":"https:\/\/www.locoxelrojo.com\/independiente\/wp-json\/wp\/v2\/types\/post"}],"author":[{"embeddable":true,"href":"https:\/\/www.locoxelrojo.com\/independiente\/wp-json\/wp\/v2\/users\/101034"}],"replies":[{"embeddable":true,"href":"https:\/\/www.locoxelrojo.com\/independiente\/wp-json\/wp\/v2\/comments?post=114562"}],"version-history":[{"count":1,"href":"https:\/\/www.locoxelrojo.com\/independiente\/wp-json\/wp\/v2\/posts\/114562\/revisions"}],"predecessor-version":[{"id":114563,"href":"https:\/\/www.locoxelrojo.com\/independiente\/wp-json\/wp\/v2\/posts\/114562\/revisions\/114563"}],"wp:featuredmedia":[{"embeddable":true,"href":"https:\/\/www.locoxelrojo.com\/independiente\/wp-json\/wp\/v2\/media\/114564"}],"wp:attachment":[{"href":"https:\/\/www.locoxelrojo.com\/independiente\/wp-json\/wp\/v2\/media?parent=114562"}],"wp:term":[{"taxonomy":"category","embeddable":true,"href":"https:\/\/www.locoxelrojo.com\/independiente\/wp-json\/wp\/v2\/categories?post=114562"},{"taxonomy":"post_tag","embeddable":true,"href":"https:\/\/www.locoxelrojo.com\/independiente\/wp-json\/wp\/v2\/tags?post=114562"}],"curies":[{"name":"wp","href":"https:\/\/api.w.org\/{rel}","templated":true}]}}