{"id":114596,"date":"2023-08-19T09:52:06","date_gmt":"2023-08-19T12:52:06","guid":{"rendered":"https:\/\/www.locoxelrojo.com\/independiente\/?p=114596"},"modified":"2023-08-19T09:52:06","modified_gmt":"2023-08-19T12:52:06","slug":"para-empezar-con-el-pie-derecho","status":"publish","type":"post","link":"https:\/\/www.locoxelrojo.com\/independiente\/2023\/08\/19\/para-empezar-con-el-pie-derecho\/","title":{"rendered":"Para empezar con el pie derecho"},"content":{"rendered":"<p><strong>Independiente<\/strong> arranca un nuevo certamen dom\u00e9stico esta tarde, desde las 16:30, cuando reciba a <strong>Col\u00f3n de Santa Fe<\/strong> por la primera fecha de la <strong>Copa de la Liga<\/strong>. La primera de las 14 finales la dirigir\u00e1 <strong>Pablo D\u00f3valo<\/strong>.<\/p>\n<p>Luego de un angustiante pasaje a octavos de final de la Copa Argentina, donde el equipo no pate\u00f3 abajo de los tres palos en 90 minutos, <strong>Ricardo Zielinski mete mano en el once para cambiarle la cara al Rojo<\/strong>. El t\u00e9cnico, quien ayer recibi\u00f3 la <a href=\"https:\/\/www.locoxelrojo.com\/independiente\/2023\/08\/18\/federico-mancuello-fue-habilitado\/\">habilitaci\u00f3n de Federico Mancuello<\/a>, tiene a todos los refuerzos a disposici\u00f3n.<\/p>\n<p>Y, seg\u00fan prob\u00f3 durante la semana, Zielinski meter\u00eda a los cuatro de arranque. <strong>Mauricio Isla<\/strong> se mantiene en el lateral derecho, <strong>Felipe Aguilar<\/strong> le gan\u00f3 la pulseada a Javier B\u00e1ez, <strong>Mancuello<\/strong> a Lucas Gonz\u00e1lez y <strong>Alexis Canelo<\/strong> a Mart\u00edn Sarrafiore. El resto son los mismos que empataron contra Central C\u00f3rdoba el martes.<\/p>\n<p>Del otro lado se encuentra el Sabalero, otro necesitado de puntos que est\u00e1 a tres del Rojo en la tabla general y buscar\u00e1 igualarlo esta tarde para salir del fondo. <strong>N\u00e9stor Gorosito<\/strong> har\u00eda debutar a varios refuerzos que llegaron en este receso, como <strong>Dami\u00e1n Batallini<\/strong>, un ex Rojo que <a href=\"https:\/\/www.locoxelrojo.com\/independiente\/2023\/07\/21\/deuda-cancelada-le-pago-13-millones-de-pesos-a-batallini\/\">el club le termin\u00f3 de pagar una deuda hace poco<\/a>.<\/p>\n<h4><strong>Probables Formaciones<\/strong><\/h4>\n<p><span style=\"text-decoration: underline;\"><strong>Independiente:<\/strong><\/span> Rodrigo Rey; Mauricio Isla, Felipe Aguilar, Edgar Elizalde, Ayrton Costa; Iv\u00e1n Marcone; Braian Mart\u00ednez, Sergio Ort\u00edz, Federico Mancuello, Alexis Canelo; Mart\u00edn Cauteruccio.<br \/>\n<span style=\"text-decoration: underline;\">DT:<\/span> Ricardo Zielinski.<\/p>\n<p><span style=\"text-decoration: underline;\"><strong>Col\u00f3n:<\/strong><\/span> Ignacio Chicco; Alberto Esp\u00ednola, Facundo Garc\u00e9s, Paolo Goltz, Rafael Delgado; Tom\u00e1s Galv\u00e1n, St\u00e9fano Moreyra, Favio \u00c1lvarez, Rub\u00e9n Botta; Santiago Pierotti y Dami\u00e1n Batallini.<br \/>\nDT: N\u00e9stor Gorosito.<\/p>\n<p><span style=\"text-decoration: underline;\"><strong>\u00c1rbitro:<\/strong><\/span> Pablo D\u00f3valo.<\/p>\n<p><span style=\"text-decoration: underline;\"><strong>Hora:<\/strong><\/span> 16:30.<\/p>\n<p><span style=\"text-decoration: underline;\"><strong>Estadio:<\/strong><\/span> Libertadores de Am\u00e9rica &#8211; Ricardo Enrique Bochini.<\/p>\n<p><span style=\"text-decoration: underline;\"><strong>TV:<\/strong><\/span> TNT Sports.<\/p>\n","protected":false},"excerpt":{"rendered":"<p>Independiente arranca un nuevo certamen dom\u00e9stico esta tarde, desde las 16:30, cuando reciba a Col\u00f3n de Santa Fe por la primera fecha de la Copa de la Liga. La primera de las 14 finales la dirigir\u00e1 Pablo D\u00f3valo. Luego de un angustiante pasaje a octavos de final de la Copa Argentina, donde el equipo no [&hellip;]<\/p>\n","protected":false},"author":19,"featured_media":112453,"comment_status":"open","ping_status":"closed","sticky":false,"template":"","format":"standard","meta":{"_links_to":"","_links_to_target":""},"categories":[3247,2007],"tags":[153,225,5276,3521],"_links":{"self":[{"href":"https:\/\/www.locoxelrojo.com\/independiente\/wp-json\/wp\/v2\/posts\/114596"}],"collection":[{"href":"https:\/\/www.locoxelrojo.com\/independiente\/wp-json\/wp\/v2\/posts"}],"about":[{"href":"https:\/\/www.locoxelrojo.com\/independiente\/wp-json\/wp\/v2\/types\/post"}],"author":[{"embeddable":true,"href":"https:\/\/www.locoxelrojo.com\/independiente\/wp-json\/wp\/v2\/users\/19"}],"replies":[{"embeddable":true,"href":"https:\/\/www.locoxelrojo.com\/independiente\/wp-json\/wp\/v2\/comments?post=114596"}],"version-history":[{"count":1,"href":"https:\/\/www.locoxelrojo.com\/independiente\/wp-json\/wp\/v2\/posts\/114596\/revisions"}],"predecessor-version":[{"id":114597,"href":"https:\/\/www.locoxelrojo.com\/independiente\/wp-json\/wp\/v2\/posts\/114596\/revisions\/114597"}],"wp:featuredmedia":[{"embeddable":true,"href":"https:\/\/www.locoxelrojo.com\/independiente\/wp-json\/wp\/v2\/media\/112453"}],"wp:attachment":[{"href":"https:\/\/www.locoxelrojo.com\/independiente\/wp-json\/wp\/v2\/media?parent=114596"}],"wp:term":[{"taxonomy":"category","embeddable":true,"href":"https:\/\/www.locoxelrojo.com\/independiente\/wp-json\/wp\/v2\/categories?post=114596"},{"taxonomy":"post_tag","embeddable":true,"href":"https:\/\/www.locoxelrojo.com\/independiente\/wp-json\/wp\/v2\/tags?post=114596"}],"curies":[{"name":"wp","href":"https:\/\/api.w.org\/{rel}","templated":true}]}}