{"id":114682,"date":"2023-08-20T15:09:51","date_gmt":"2023-08-20T18:09:51","guid":{"rendered":"https:\/\/www.locoxelrojo.com\/independiente\/?p=114682"},"modified":"2023-08-22T02:23:23","modified_gmt":"2023-08-22T05:23:23","slug":"victoria-de-las-diablas-en-el-debut","status":"publish","type":"post","link":"https:\/\/www.locoxelrojo.com\/independiente\/2023\/08\/20\/victoria-de-las-diablas-en-el-debut\/","title":{"rendered":"Victoria de las Diablas en el debut"},"content":{"rendered":"<p><strong>En su debut en la Copa de la Liga de F\u00fatbol Femenino, Independiente le gan\u00f3 2-0 a Defensores de Belgrano en el predio de Villa Dom\u00ednico.<\/strong><\/p>\n<p>El equipo de Pablo Goglino form\u00f3 con <strong>Florencia Chiribelo; Gisela Alves, Diana Br\u00edtez, Elen Leroyer, Selene B\u00e1squez; Estefan\u00eda Gauto, Fermina Franco, Luisana Ver\u00f3n Cima; Nayla Gallo, Mercedes Pereyra y Brenda Varela<\/strong>.<\/p>\n<p>Las Diablas se pusieron en ventaja a los 3 minutos de juego, cuando <strong>Ver\u00f3n Cima cabece\u00f3 un centro de Gauto<\/strong> para descolocar a la arquera rival.<\/p>\n<p>M\u00e1s tarde, a los 4&#8242; del complemento, <strong>Alves habilit\u00f3 a Pereyra, la delantera se sac\u00f3 la marca de encima y defini\u00f3 de zurda<\/strong> para el 2-0 definitivo.<\/p>\n<p>De esta manera, el Rojo arranc\u00f3 de la mejor manera en la Zona A de la Copa de la Liga y tom\u00f3 envi\u00f3n para<strong> el pr\u00f3ximo compromiso, que ser\u00e1 ante el S.A.T.<\/strong><\/p>\n<h3>El partido completo<\/h3>\n<p><iframe loading=\"lazy\" title=\"DIABLAS EN VIVO VS. DEFENSORES DE BELGRANO\" width=\"696\" height=\"392\" src=\"https:\/\/www.youtube.com\/embed\/jSZ2i6ifQGs?feature=oembed\" frameborder=\"0\" allow=\"accelerometer; autoplay; clipboard-write; encrypted-media; gyroscope; picture-in-picture; web-share\" allowfullscreen><\/iframe><\/p>\n","protected":false},"excerpt":{"rendered":"<p>En su debut en la Copa de la Liga de F\u00fatbol Femenino, Independiente le gan\u00f3 2-0 a Defensores de Belgrano en el predio de Villa Dom\u00ednico. El equipo de Pablo Goglino form\u00f3 con Florencia Chiribelo; Gisela Alves, Diana Br\u00edtez, Elen Leroyer, Selene B\u00e1squez; Estefan\u00eda Gauto, Fermina Franco, Luisana Ver\u00f3n Cima; Nayla Gallo, Mercedes Pereyra y [&hellip;]<\/p>\n","protected":false},"author":8,"featured_media":114683,"comment_status":"open","ping_status":"closed","sticky":false,"template":"","format":"standard","meta":{"_links_to":"","_links_to_target":""},"categories":[3247,4371],"tags":[153,3734,4372,4373,5392,5379],"_links":{"self":[{"href":"https:\/\/www.locoxelrojo.com\/independiente\/wp-json\/wp\/v2\/posts\/114682"}],"collection":[{"href":"https:\/\/www.locoxelrojo.com\/independiente\/wp-json\/wp\/v2\/posts"}],"about":[{"href":"https:\/\/www.locoxelrojo.com\/independiente\/wp-json\/wp\/v2\/types\/post"}],"author":[{"embeddable":true,"href":"https:\/\/www.locoxelrojo.com\/independiente\/wp-json\/wp\/v2\/users\/8"}],"replies":[{"embeddable":true,"href":"https:\/\/www.locoxelrojo.com\/independiente\/wp-json\/wp\/v2\/comments?post=114682"}],"version-history":[{"count":2,"href":"https:\/\/www.locoxelrojo.com\/independiente\/wp-json\/wp\/v2\/posts\/114682\/revisions"}],"predecessor-version":[{"id":114685,"href":"https:\/\/www.locoxelrojo.com\/independiente\/wp-json\/wp\/v2\/posts\/114682\/revisions\/114685"}],"wp:featuredmedia":[{"embeddable":true,"href":"https:\/\/www.locoxelrojo.com\/independiente\/wp-json\/wp\/v2\/media\/114683"}],"wp:attachment":[{"href":"https:\/\/www.locoxelrojo.com\/independiente\/wp-json\/wp\/v2\/media?parent=114682"}],"wp:term":[{"taxonomy":"category","embeddable":true,"href":"https:\/\/www.locoxelrojo.com\/independiente\/wp-json\/wp\/v2\/categories?post=114682"},{"taxonomy":"post_tag","embeddable":true,"href":"https:\/\/www.locoxelrojo.com\/independiente\/wp-json\/wp\/v2\/tags?post=114682"}],"curies":[{"name":"wp","href":"https:\/\/api.w.org\/{rel}","templated":true}]}}