{"id":114851,"date":"2023-08-31T10:21:15","date_gmt":"2023-08-31T13:21:15","guid":{"rendered":"https:\/\/www.locoxelrojo.com\/independiente\/?p=114851"},"modified":"2023-08-31T17:33:47","modified_gmt":"2023-08-31T20:33:47","slug":"alan-velasco-a-la-seleccion-argentina","status":"publish","type":"post","link":"https:\/\/www.locoxelrojo.com\/independiente\/2023\/08\/31\/alan-velasco-a-la-seleccion-argentina\/","title":{"rendered":"Alan Velasco a la Selecci\u00f3n Argentina"},"content":{"rendered":"<p><strong>Alan Velasco, ex Independiente, fue convocado a la Selecci\u00f3n Argentina.<\/strong><\/p>\n<p>Lionel Scaloni dio a conocer <strong>la lista de los 32 convocados<\/strong> a la Selecci\u00f3n Argentina para las dos primeras fecha de las Eliminatorias 2026, donde se enfrentar\u00e1 a Ecuador y Bolivia.<\/p>\n<p>Con apenas 21 a\u00f1os, cumple su sue\u00f1o de vestir la Celeste y Blanca. Actualmente juega en Dallas FC de la MLS, donde <strong>disput\u00f3 56 partidos, convirti\u00f3 11 goles y dio 7 asistencias<\/strong>.<\/p>\n<p>D\u00edas atr\u00e1s viene de ser figura en el partido que jug\u00f3 frente al Inter Miami de Lionel Messi, ahora su compa\u00f1ero en el seleccionado.<\/p>\n<blockquote class=\"twitter-tweet\">\n<p dir=\"ltr\" lang=\"es\"><a href=\"https:\/\/twitter.com\/hashtag\/Selecci%C3%B3nMayor?src=hash&amp;ref_src=twsrc%5Etfw\">#Selecci\u00f3nMayor<\/a> Lista de convocados por el entrenador Lionel Scaloni  para los encuentros de Eliminatorias ante Ecuador y Bolivia <a href=\"https:\/\/t.co\/dCNmijCfqu\">pic.twitter.com\/dCNmijCfqu<\/a><\/p>\n<p>\u2014  Selecci\u00f3n Argentina \u2b50\u2b50\u2b50 (@Argentina) <a href=\"https:\/\/twitter.com\/Argentina\/status\/1697254672170639732?ref_src=twsrc%5Etfw\">August 31, 2023<\/a><\/p><\/blockquote>\n<p><script async src=\"https:\/\/platform.twitter.com\/widgets.js\" charset=\"utf-8\"><\/script><\/p>\n<p>Independiente, club que lo vio nacer futbol\u00edsticamente, <strong>envi\u00f3 sus felicitaciones en las diferentes plataformas.<\/strong><\/p>\n<blockquote class=\"twitter-tweet\">\n<p dir=\"ltr\" lang=\"es\">Nos alegramos por la convocatoria de Alan Velasco a la Selecci\u00f3n Argentina para los pr\u00f3ximos partidos de Eliminatorias.<\/p>\n<p>\u00a1M\u00e1s que merecido, <a href=\"https:\/\/twitter.com\/alanvelasco10ok?ref_src=twsrc%5Etfw\">@alanvelasco10ok<\/a>! \u2764\ufe0f<a href=\"https:\/\/twitter.com\/hashtag\/OrgulloNacional?src=hash&amp;ref_src=twsrc%5Etfw\">#OrgulloNacional<\/a> <a href=\"https:\/\/twitter.com\/hashtag\/TodoRojo?src=hash&amp;ref_src=twsrc%5Etfw\">#TodoRojo<\/a>  <a href=\"https:\/\/t.co\/kZDW0xPd4F\">pic.twitter.com\/kZDW0xPd4F<\/a><\/p>\n<p>\u2014 C. A. Independiente (@Independiente) <a href=\"https:\/\/twitter.com\/Independiente\/status\/1697267178716663902?ref_src=twsrc%5Etfw\">August 31, 2023<\/a><\/p><\/blockquote>\n<p><script async src=\"https:\/\/platform.twitter.com\/widgets.js\" charset=\"utf-8\"><\/script><\/p>\n","protected":false},"excerpt":{"rendered":"<p>Alan Velasco, ex Independiente, fue convocado a la Selecci\u00f3n Argentina. Lionel Scaloni dio a conocer la lista de los 32 convocados a la Selecci\u00f3n Argentina para las dos primeras fecha de las Eliminatorias 2026, donde se enfrentar\u00e1 a Ecuador y Bolivia. Con apenas 21 a\u00f1os, cumple su sue\u00f1o de vestir la Celeste y Blanca. Actualmente [&hellip;]<\/p>\n","protected":false},"author":1,"featured_media":114323,"comment_status":"open","ping_status":"closed","sticky":false,"template":"","format":"standard","meta":{"_links_to":"","_links_to_target":""},"categories":[3247,3281],"tags":[3560,153,450],"_links":{"self":[{"href":"https:\/\/www.locoxelrojo.com\/independiente\/wp-json\/wp\/v2\/posts\/114851"}],"collection":[{"href":"https:\/\/www.locoxelrojo.com\/independiente\/wp-json\/wp\/v2\/posts"}],"about":[{"href":"https:\/\/www.locoxelrojo.com\/independiente\/wp-json\/wp\/v2\/types\/post"}],"author":[{"embeddable":true,"href":"https:\/\/www.locoxelrojo.com\/independiente\/wp-json\/wp\/v2\/users\/1"}],"replies":[{"embeddable":true,"href":"https:\/\/www.locoxelrojo.com\/independiente\/wp-json\/wp\/v2\/comments?post=114851"}],"version-history":[{"count":1,"href":"https:\/\/www.locoxelrojo.com\/independiente\/wp-json\/wp\/v2\/posts\/114851\/revisions"}],"predecessor-version":[{"id":114852,"href":"https:\/\/www.locoxelrojo.com\/independiente\/wp-json\/wp\/v2\/posts\/114851\/revisions\/114852"}],"wp:featuredmedia":[{"embeddable":true,"href":"https:\/\/www.locoxelrojo.com\/independiente\/wp-json\/wp\/v2\/media\/114323"}],"wp:attachment":[{"href":"https:\/\/www.locoxelrojo.com\/independiente\/wp-json\/wp\/v2\/media?parent=114851"}],"wp:term":[{"taxonomy":"category","embeddable":true,"href":"https:\/\/www.locoxelrojo.com\/independiente\/wp-json\/wp\/v2\/categories?post=114851"},{"taxonomy":"post_tag","embeddable":true,"href":"https:\/\/www.locoxelrojo.com\/independiente\/wp-json\/wp\/v2\/tags?post=114851"}],"curies":[{"name":"wp","href":"https:\/\/api.w.org\/{rel}","templated":true}]}}